{"id":9868,"date":"2022-06-01T12:54:08","date_gmt":"2022-06-01T11:54:08","guid":{"rendered":"http:\/\/mohamedhassanouazzani.org\/?p=9868"},"modified":"2022-06-13T12:20:35","modified_gmt":"2022-06-13T11:20:35","slug":"problemes-environnementaux-enjeux-et-defis-de-la-durabilite","status":"publish","type":"post","link":"https:\/\/mohamedhassanouazzani.org\/?p=9868","title":{"rendered":"Probl\u00e8mes environnementaux : enjeux et d\u00e9fis de la durabilit\u00e9"},"content":{"rendered":"<div class=\"wpb-content-wrapper\"><p>[vc_row][vc_column][vc_tta_tabs active_section=\u00a0\u00bb1&Prime;][vc_tta_section title=\u00a0\u00bbPr\u00e9sentation\u00a0\u00bb tab_id=\u00a0\u00bb1459958412083-252f22b3-80ae\u00a0\u00bb][vc_row_inner][vc_column_inner width=\u00a0\u00bb1\/2&Prime;][vc_column_text]<a href=\"http:\/\/mohamedhassanouazzani.org\/wp-content\/uploads\/2022\/06\/Orange-et-Jaune-Professionnel-D\u00e9grad\u00e9-Animaux-de-compagnie-Fitness-Application-\u00c9v\u00e9nement-Affiche.png\" rel=\"attachment wp-att-7714\"><img loading=\"lazy\" class=\"wp-image-9879 size-full aligncenter\" src=\"http:\/\/mohamedhassanouazzani.org\/wp-content\/uploads\/2022\/06\/Orange-et-Jaune-Professionnel-D\u00e9grad\u00e9-Animaux-de-compagnie-Fitness-Application-\u00c9v\u00e9nement-Affiche.png\" alt=\"\" width=\"1587\" height=\"2245\" srcset=\"https:\/\/mohamedhassanouazzani.org\/wp-content\/uploads\/2022\/06\/Orange-et-Jaune-Professionnel-D\u00e9grad\u00e9-Animaux-de-compagnie-Fitness-Application-\u00c9v\u00e9nement-Affiche.png 1587w, https:\/\/mohamedhassanouazzani.org\/wp-content\/uploads\/2022\/06\/Orange-et-Jaune-Professionnel-D\u00e9grad\u00e9-Animaux-de-compagnie-Fitness-Application-\u00c9v\u00e9nement-Affiche-212x300.png 212w, https:\/\/mohamedhassanouazzani.org\/wp-content\/uploads\/2022\/06\/Orange-et-Jaune-Professionnel-D\u00e9grad\u00e9-Animaux-de-compagnie-Fitness-Application-\u00c9v\u00e9nement-Affiche-768x1086.png 768w, https:\/\/mohamedhassanouazzani.org\/wp-content\/uploads\/2022\/06\/Orange-et-Jaune-Professionnel-D\u00e9grad\u00e9-Animaux-de-compagnie-Fitness-Application-\u00c9v\u00e9nement-Affiche-724x1024.png 724w, https:\/\/mohamedhassanouazzani.org\/wp-content\/uploads\/2022\/06\/Orange-et-Jaune-Professionnel-D\u00e9grad\u00e9-Animaux-de-compagnie-Fitness-Application-\u00c9v\u00e9nement-Affiche-600x849.png 600w\" sizes=\"(max-width: 1587px) 100vw, 1587px\" \/><\/a>[\/vc_column_text][vc_empty_space][\/vc_column_inner][vc_column_inner width=\u00a0\u00bb1\/2&Prime;][vc_column_text]<\/p>\n<p style=\"text-align: center;\"><em>Mesdames, Messieurs, Chers membres<\/em><\/p>\n<p style=\"text-align: center;\"><em>Le Centre Mohamed Hassan\u00a0Ouazzani pour la D\u00e9mocratie et le D\u00e9veloppement Humain a eu le plaisir de vous inviter,\u00a0\u00e0 l\u2019occasion de la Journ\u00e9e mondiale de l\u2019environnement, \u00e0 une visioconf\u00e9rence intitul\u00e9e\u00a0:<\/em><\/p>\n<h2 style=\"text-align: center;\">Probl\u00e8mes environnementaux : enjeux et d\u00e9fis de la durabilit\u00e9<\/h2>\n<h4 style=\"text-align: center;\"><strong><em>Dimanche 5 Juin 2022 \u00e0 17h30\u00a0<\/em><\/strong><\/h4>\n<p style=\"text-align: center;\"><em>La conf\u00e9rence a \u00e9t\u00e9 anim\u00e9e par<strong> Dr.<\/strong>\u00a0<strong>Mahjoub El Haiba<\/strong>, Professeur de l\u2019Enseignement Sup\u00e9rieur, Facult\u00e9 de Droit de Casablanca et Membre du Comit\u00e9 des Droits de l\u2019Homme de l\u2019ONU, Maroc.<\/em><\/p>\n<p style=\"text-align: center;\"><em>Avec la participation de:<\/em><\/p>\n<p style=\"text-align: center;\"><strong><em>Dr. Mohamed Behnassi,\u00a0<\/em><\/strong><em>Professeur de l\u2019Enseignement Sup\u00e9rieur, Facult\u00e9 de Droit d\u2019Agadir &amp;\u00a0<\/em><em>Directeur du Centre de Recherche en Environnement, de S\u00e9curit\u00e9 Humaine et Gouvernance (CERES), Maroc.<\/em><\/p>\n<p style=\"text-align: center;\"><strong><em>Dr. Miloud Loukili,\u00a0<\/em><\/strong><em>Professeur de l\u2019Enseignement Sup\u00e9rieur, Facult\u00e9 de Droit &#8211; Agdal,\u00a0<\/em><em>Universit\u00e9 Mohamed V de Rabat, Maroc.<\/em><\/p>\n<p style=\"text-align: center;\"><strong><em>Dr. Amal El Idrissi,\u00a0<\/em><\/strong><em>Professeure de l\u2019Enseignement Sup\u00e9rieur, Facult\u00e9 de Droit,\u00a0<\/em><em>Universit\u00e9 Moulay Ismail de Mekn\u00e8s, Maroc.<\/em><\/p>\n<p style=\"text-align: center;\"><strong><em>Dr. Hind Majdoubi,\u00a0<\/em><\/strong><em>Professeure de l\u2019Enseignement Sup\u00e9rieur, Facult\u00e9 de Droit,<br \/>\nUniversit\u00e9 Ibn Tofail de K\u00e9nitra &amp; Chercheuse associ\u00e9e au CERES,<br \/>\nMaroc.<\/em><\/p>\n<p style=\"text-align: center;\"><em>Nous vous remercions d\u2019avoir suivi la s\u00e9ance qui a \u00e9t\u00e9 \u00a0diffus\u00e9e en direct sur notre cha\u00eene\u00a0YouTube :\u00a0<\/em><\/p>\n<p style=\"text-align: center;\"><a href=\"http:\/\/www.youtube.com\/user\/FondationMHO\" target=\"_blank\" rel=\"noopener\" data-saferedirecturl=\"https:\/\/www.google.com\/url?q=http:\/\/www.youtube.com\/user\/FondationMHO&amp;source=gmail&amp;ust=1638017116206000&amp;usg=AOvVaw1k6C5F-An8b134j6hMzop7\"><i>www.youtube.com\/user\/<wbr \/>FondationMHO<\/i><\/a><\/p>\n<p style=\"text-align: center;\"><em>Avec nos meilleures salutations.<\/em><\/p>\n<p>[\/vc_column_text][\/vc_column_inner][\/vc_row_inner][\/vc_tta_section][vc_tta_section title=\u00a0\u00bbParticipants\u00a0\u00bb tab_id=\u00a0\u00bb1451151562251-1ce0c959-e22f\u00a0\u00bb][vc_row_inner][vc_column_inner width=\u00a0\u00bb1\/2&Prime;][vc_column_text css_animation=\u00a0\u00bbnone\u00a0\u00bb]<\/p>\n<h3 style=\"text-align: center;\"><span style=\"color: #993300;\"><strong><a href=\"http:\/\/mohamedhassanouazzani.org\/wp-content\/uploads\/2022\/06\/Attachment-2.jpeg\" rel=\"attachment wp-att-7724\"><img loading=\"lazy\" class=\"wp-image-9873 aligncenter\" src=\"http:\/\/mohamedhassanouazzani.org\/wp-content\/uploads\/2022\/06\/Attachment-2.jpeg\" alt=\"\" width=\"225\" height=\"375\" srcset=\"https:\/\/mohamedhassanouazzani.org\/wp-content\/uploads\/2022\/06\/Attachment-2.jpeg 615w, https:\/\/mohamedhassanouazzani.org\/wp-content\/uploads\/2022\/06\/Attachment-2-180x300.jpeg 180w, https:\/\/mohamedhassanouazzani.org\/wp-content\/uploads\/2022\/06\/Attachment-2-600x999.jpeg 600w\" sizes=\"(max-width: 225px) 100vw, 225px\" \/><\/a><\/strong><\/span><\/h3>\n<h3 style=\"text-align: center;\"><strong><span style=\"font-size: 16px;\">Mahjoub El Haiba<\/span><\/strong><\/h3>\n<p>Professeur de l\u2019Enseignement Sup\u00e9rieur \u00e0 la Facult\u00e9 de Droit de l\u2019Universit\u00e9 Hassan II, A\u00efn Chock, de Casablanca. Consultant dans les domaines\u00a0 des droits de l\u2019Homme, des droits de l\u2019environnement et de la justice transitionnelle. Membre du Conseil national des droits de l\u2019Homme (cat\u00e9gories des experts). Ex-d\u00e9l\u00e9gu\u00e9 interminist\u00e9riel aux droits de l\u2019Homme.\u00a0 Ex-membre \u00e8s-qualit\u00e9 du Conseil Sup\u00e9rieur de l\u2019\u00c9ducation, de la Formation et de la Recherche Scientifique. Membre fondateur de l\u2019Organisation Marocaine des Droits de l\u2019Homme. Fondateur et membre du R\u00e9seau Arabe de l\u2019Environnement et du D\u00e9veloppement (RAED), Caire.<\/p>\n<p>Ex membre et Pr\u00e9sident du jury du Prix Arabe de l\u2019Environnement. Ex membre et Pr\u00e9sident du jury du Prix Hassan II de l\u2019Environnement. Ex Vice Doyen de la Facult\u00e9 de Droit de Casablanca. Ex membre du Conseil Consultatif des Droits de l\u2019Homme (d\u00e9cembre 2002- juillet 2005) Ex Secr\u00e9taire G\u00e9n\u00e9ral du Conseil Consultatif des Droits de l\u2019Homme (juillet 2005- mars 2011). Ex membre de l\u2019Instance \u00c9quit\u00e9 et R\u00e9conciliation (IER).[\/vc_column_text][vc_column_text css_animation=\u00a0\u00bbnone\u00a0\u00bb]<\/p>\n<h3 style=\"text-align: center;\"><span style=\"color: #993300;\"><strong><a href=\"http:\/\/mohamedhassanouazzani.org\/wp-content\/uploads\/2022\/06\/9b0f6583-ae68-4f9a-b55f-28893863de78.jpg\" rel=\"attachment wp-att-7724\"><img loading=\"lazy\" class=\"alignnone wp-image-9871 \" src=\"http:\/\/mohamedhassanouazzani.org\/wp-content\/uploads\/2022\/06\/9b0f6583-ae68-4f9a-b55f-28893863de78.jpg\" alt=\"\" width=\"278\" height=\"395\" srcset=\"https:\/\/mohamedhassanouazzani.org\/wp-content\/uploads\/2022\/06\/9b0f6583-ae68-4f9a-b55f-28893863de78.jpg 720w, https:\/\/mohamedhassanouazzani.org\/wp-content\/uploads\/2022\/06\/9b0f6583-ae68-4f9a-b55f-28893863de78-211x300.jpg 211w, https:\/\/mohamedhassanouazzani.org\/wp-content\/uploads\/2022\/06\/9b0f6583-ae68-4f9a-b55f-28893863de78-600x853.jpg 600w\" sizes=\"(max-width: 278px) 100vw, 278px\" \/><\/a><\/strong><\/span><\/h3>\n<h3 style=\"text-align: center;\"><strong><span style=\"font-size: 16px;\">Hind Majdoubi<\/span><\/strong><\/h3>\n<p style=\"font-weight: 400;\">Enseignante chercheure \u00e0 la Facult\u00e9 des Sciences Juridiques et Politiques, Universit\u00e9 Ibn Tofail K\u00e9nitra. Elle est sp\u00e9cialis\u00e9e en droit de l\u2019environnement et le d\u00e9veloppement durable. Elle est auteure de plusieurs communications et publications sur le droit de l\u2019environnement, le d\u00e9veloppement durable, la lutte contre le gaspillage, les OGM, le genre et le changement climatique, notamment. \u00c9galement professeure invit\u00e9e \u00e0 l\u2019universit\u00e9 Jean Moulin Lyon III, France.<\/p>\n<p>[\/vc_column_text][vc_column_text css_animation=\u00a0\u00bbnone\u00a0\u00bb]<\/p>\n<h3 style=\"text-align: center;\"><span style=\"color: #993300;\"><strong><a href=\"http:\/\/mohamedhassanouazzani.org\/wp-content\/uploads\/2022\/06\/Attachment.jpeg\" rel=\"attachment wp-att-7724\"><img loading=\"lazy\" class=\"alignnone wp-image-9870 \" src=\"http:\/\/mohamedhassanouazzani.org\/wp-content\/uploads\/2022\/06\/Attachment.jpeg\" alt=\"\" width=\"220\" height=\"275\" srcset=\"https:\/\/mohamedhassanouazzani.org\/wp-content\/uploads\/2022\/06\/Attachment.jpeg 399w, https:\/\/mohamedhassanouazzani.org\/wp-content\/uploads\/2022\/06\/Attachment-240x300.jpeg 240w\" sizes=\"(max-width: 220px) 100vw, 220px\" \/><\/a><\/strong><\/span><\/h3>\n<h3 style=\"text-align: center;\"><strong><span style=\"font-size: 16px;\">Amal El Idrissi<\/span><\/strong><\/h3>\n<p style=\"font-weight: 400;\">Professeure de Droit et de Sciences Politiques \u00e0 l\u2019Universit\u00e9\u00a0Moulay Ismail de Mekn\u00e8s, Maroc. Elle a obtenu son doctorat en droit et sciences politiques \u00e0 l\u2019Universit\u00e9 Hassan II de Casablanca, sous le th\u00e8me: \u2018Am\u00e9nagement de l\u2019eau potable dans le milieu rural\u2019 sous la direction du professeur Mahjoub El Haiba. Elle donne des cours de droit public, elle enseigne \u00e9galement des cours de ma\u00eetrise en droit de l\u2019environnement marocain et politiques publiques. Ses int\u00e9r\u00eats de recherche incluent les questions f\u00e9minines dans l\u2019Islam et le droit et les transitions constitutionnelles dans les pays MENA.<\/p>\n<p>[\/vc_column_text][\/vc_column_inner][vc_column_inner width=\u00a0\u00bb1\/2&Prime;][vc_column_text css_animation=\u00a0\u00bbnone\u00a0\u00bb]<\/p>\n<h3 style=\"text-align: center;\"><span style=\"color: #993300;\"><strong><a href=\"http:\/\/mohamedhassanouazzani.org\/wp-content\/uploads\/2021\/05\/Photo-Behnassi-1.png\" rel=\"attachment wp-att-7724\"><img loading=\"lazy\" class=\"alignnone wp-image-9634 \" src=\"http:\/\/mohamedhassanouazzani.org\/wp-content\/uploads\/2021\/05\/Photo-Behnassi-1.png\" alt=\"\" width=\"289\" height=\"378\" srcset=\"https:\/\/mohamedhassanouazzani.org\/wp-content\/uploads\/2021\/05\/Photo-Behnassi-1.png 868w, https:\/\/mohamedhassanouazzani.org\/wp-content\/uploads\/2021\/05\/Photo-Behnassi-1-230x300.png 230w, https:\/\/mohamedhassanouazzani.org\/wp-content\/uploads\/2021\/05\/Photo-Behnassi-1-768x1003.png 768w, https:\/\/mohamedhassanouazzani.org\/wp-content\/uploads\/2021\/05\/Photo-Behnassi-1-784x1024.png 784w, https:\/\/mohamedhassanouazzani.org\/wp-content\/uploads\/2021\/05\/Photo-Behnassi-1-600x784.png 600w\" sizes=\"(max-width: 289px) 100vw, 289px\" \/><\/a><\/strong><\/span><\/h3>\n<h3 style=\"text-align: center;\"><strong><span style=\"font-size: 16px;\">Mohamed Behnassi<\/span><\/strong><\/h3>\n<div>\n<p>Dr. Mohamed Behnassi est\u00a0Professeur d\u2019enseignement sup\u00e9rieur\u00a0\u00e0 la Facult\u00e9 des Sciences Juridiques, \u00c9conomiques et Sociales d\u2019Agadir, Universit\u00e9 Ibn Zohr.<\/p>\n<p>Il est titulaire d\u2019un\u00a0Doctorat sur : \u00ab Les n\u00e9gociations environnementales multilat\u00e9rales : vers une gouvernance mondiale pour l\u2019environnement\u00a0\u00bb, soutenue en 2003 \u00e0 la Facult\u00e9 des Sciences Juridiques, \u00c9conomiques et Sociales de l\u2019Universit\u00e9 Hassan II de Casablanca.\u00a0Actuellement,\u00a0il est\u00a0Directeur du Centre de Recherche en Environnement, S\u00e9curit\u00e9 Humaine et Gouvernance (CERES).<\/p>\n<p>Ses domaines de recherche couvrent le droit international de\u00a0l\u2019environnement et du changement climatique, s\u00e9curit\u00e9 humaine, d\u00e9veloppement durable et droits humains.<\/p>\n<p>Il est l\u2019auteur d\u2019une vingtaine\u00a0d\u2019ouvrages collectifs, d\u2019une soixantaine d\u2019articles et de chapitres, et un nombre tr\u00e8s important de communications\u00a0pr\u00e9sent\u00e9es aux colloques scientifiques.<\/p>\n<p>Dr. Behnassi a \u00e9galement organis\u00e9 plusieurs congr\u00e8s scientifiques et coordonn\u00e9 des projets de recherche et d\u2019expertise au profit des organismes nationaux et internationaux dans les domaines susmentionn\u00e9s.<\/p>\n<p>Il est aussi auditeur ind\u00e9pendant de la RSE et membre expert\/\u00e9valuateur au CNRST\/Maroc, IPBES\/UN, Medecc\/UE, EuroMeSco\/UE<\/p>\n<article class=\"post post-large post-8043 type-post status-publish format-standard has-post-thumbnail hentry category-conferences\">\n<div class=\"post-gap\"><\/div>\n<\/article>\n<\/div>\n<p>[\/vc_column_text][vc_column_text css_animation=\u00a0\u00bbnone\u00a0\u00bb]<\/p>\n<h3 style=\"text-align: center;\"><strong><span style=\"font-size: 16px;\"><a href=\"http:\/\/mohamedhassanouazzani.org\/wp-content\/uploads\/2022\/06\/Attachment-1.jpeg\"><img loading=\"lazy\" class=\"alignnone wp-image-9872 \" src=\"http:\/\/mohamedhassanouazzani.org\/wp-content\/uploads\/2022\/06\/Attachment-1.jpeg\" alt=\"\" width=\"330\" height=\"310\" srcset=\"https:\/\/mohamedhassanouazzani.org\/wp-content\/uploads\/2022\/06\/Attachment-1.jpeg 438w, https:\/\/mohamedhassanouazzani.org\/wp-content\/uploads\/2022\/06\/Attachment-1-300x282.jpeg 300w\" sizes=\"(max-width: 330px) 100vw, 330px\" \/><\/a><\/span><\/strong><\/h3>\n<h3 style=\"text-align: center;\"><strong><span style=\"font-size: 16px;\">Miloud Loukili<\/span><\/strong><\/h3>\n<p>Professeur de Droit de la Mer et de Droit International de l\u2019Environnement \u00e0 la Facult\u00e9 de Droit, Rabat Agdal, Universit\u00e9 Mohamed V<\/p>\n<p>Ancien Directeur de l\u2019Institut Sup\u00e9rieur des Etudes Maritimes (I.S.E.M.), Casablanca<\/p>\n<p>Ancien Directeur de la Marine Marchande, Casablanca<\/p>\n<p>Membre du Bureau du Groupement d\u2019Etudes et de Recherches sur la M\u00e9diterran\u00e9e (G.E.R.M.), Rabat<\/p>\n<p>Co-Pr\u00e9sident du Conseil Scientifique du Forum de la Mer, El Jadida, Maroc (2014-2019)<\/p>\n<p>Membre Fondateur du R\u00e9seau Africain du Droit de l\u2019Environnement, Rabat, 2016<\/p>\n<p>Conseiller aupr\u00e8s du Conseil Economique Social et Environnemental (CESE) pour la loi du Littoral et l\u2019Economie Bleue.[\/vc_column_text][\/vc_column_inner][\/vc_row_inner][\/vc_tta_section][vc_tta_section title=\u00a0\u00bbArgumentaire et Programme\u00a0\u00bb tab_id=\u00a0\u00bb1645797221369-38976e72-10d0&Prime;][vc_column_text]<a href=\"http:\/\/mohamedhassanouazzani.org\/wp-content\/uploads\/2022\/06\/9E1D7D70-D3DF-4550-BBF3-7E24F75D581E.jpeg\"><img loading=\"lazy\" class=\"alignnone size-full wp-image-9875\" src=\"http:\/\/mohamedhassanouazzani.org\/wp-content\/uploads\/2022\/06\/9E1D7D70-D3DF-4550-BBF3-7E24F75D581E.jpeg\" alt=\"\" width=\"1197\" height=\"1804\" srcset=\"https:\/\/mohamedhassanouazzani.org\/wp-content\/uploads\/2022\/06\/9E1D7D70-D3DF-4550-BBF3-7E24F75D581E.jpeg 1197w, https:\/\/mohamedhassanouazzani.org\/wp-content\/uploads\/2022\/06\/9E1D7D70-D3DF-4550-BBF3-7E24F75D581E-199x300.jpeg 199w, https:\/\/mohamedhassanouazzani.org\/wp-content\/uploads\/2022\/06\/9E1D7D70-D3DF-4550-BBF3-7E24F75D581E-768x1157.jpeg 768w, https:\/\/mohamedhassanouazzani.org\/wp-content\/uploads\/2022\/06\/9E1D7D70-D3DF-4550-BBF3-7E24F75D581E-679x1024.jpeg 679w, https:\/\/mohamedhassanouazzani.org\/wp-content\/uploads\/2022\/06\/9E1D7D70-D3DF-4550-BBF3-7E24F75D581E-600x904.jpeg 600w\" sizes=\"(max-width: 1197px) 100vw, 1197px\" \/><\/a><\/p>\n<p><a href=\"http:\/\/mohamedhassanouazzani.org\/wp-content\/uploads\/2022\/06\/80AEFDC9-BA57-4A5C-B360-EFEA7034E4AE.jpeg\"><img loading=\"lazy\" class=\"alignnone size-full wp-image-9877\" src=\"http:\/\/mohamedhassanouazzani.org\/wp-content\/uploads\/2022\/06\/80AEFDC9-BA57-4A5C-B360-EFEA7034E4AE.jpeg\" alt=\"\" width=\"1191\" height=\"1766\" srcset=\"https:\/\/mohamedhassanouazzani.org\/wp-content\/uploads\/2022\/06\/80AEFDC9-BA57-4A5C-B360-EFEA7034E4AE.jpeg 1191w, https:\/\/mohamedhassanouazzani.org\/wp-content\/uploads\/2022\/06\/80AEFDC9-BA57-4A5C-B360-EFEA7034E4AE-202x300.jpeg 202w, https:\/\/mohamedhassanouazzani.org\/wp-content\/uploads\/2022\/06\/80AEFDC9-BA57-4A5C-B360-EFEA7034E4AE-768x1139.jpeg 768w, https:\/\/mohamedhassanouazzani.org\/wp-content\/uploads\/2022\/06\/80AEFDC9-BA57-4A5C-B360-EFEA7034E4AE-691x1024.jpeg 691w, https:\/\/mohamedhassanouazzani.org\/wp-content\/uploads\/2022\/06\/80AEFDC9-BA57-4A5C-B360-EFEA7034E4AE-600x890.jpeg 600w\" sizes=\"(max-width: 1191px) 100vw, 1191px\" \/><\/a>[\/vc_column_text][\/vc_tta_section][vc_tta_section title=\u00a0\u00bbVid\u00e9o \u00a0\u00bb tab_id=\u00a0\u00bb1655119162369-f8409005-62ae\u00a0\u00bb][vc_video link=\u00a0\u00bbhttps:\/\/youtu.be\/J6tyEiYfn7g\u00a0\u00bb][\/vc_tta_section][\/vc_tta_tabs][\/vc_column][\/vc_row]<\/p>\n<\/div>","protected":false},"excerpt":{"rendered":"<p>[vc_row][vc_column][vc_tta_tabs active_section=\u00a0\u00bb1&Prime;][vc_tta_section title=\u00a0\u00bbPr\u00e9sentation\u00a0\u00bb tab_id=\u00a0\u00bb1459958412083-252f22b3-80ae\u00a0\u00bb][vc_row_inner][vc_column_inner width=\u00a0\u00bb1\/2&Prime;][vc_column_text][\/vc_column_text][vc_empty_space][\/vc_column_inner][vc_column_inner width=\u00a0\u00bb1\/2&Prime;][vc_column_text] Mesdames, Messieurs, Chers membres Le Centre Mohamed Hassan\u00a0Ouazzani pour la D\u00e9mocratie et le D\u00e9veloppement Humain a eu le plaisir de vous inviter,\u00a0\u00e0 l\u2019occasion de la Journ\u00e9e mondiale de l\u2019environnement, \u00e0 une visioconf\u00e9rence intitul\u00e9e\u00a0: Probl\u00e8mes environnementaux : enjeux et d\u00e9fis de la durabilit\u00e9 Dimanche 5 Juin 2022 \u00e0 17h30\u00a0 La [&hellip;]<\/p>\n","protected":false},"author":1,"featured_media":9879,"comment_status":"open","ping_status":"open","sticky":false,"template":"","format":"standard","meta":[],"categories":[1,61],"tags":[],"_links":{"self":[{"href":"https:\/\/mohamedhassanouazzani.org\/index.php?rest_route=\/wp\/v2\/posts\/9868"}],"collection":[{"href":"https:\/\/mohamedhassanouazzani.org\/index.php?rest_route=\/wp\/v2\/posts"}],"about":[{"href":"https:\/\/mohamedhassanouazzani.org\/index.php?rest_route=\/wp\/v2\/types\/post"}],"author":[{"embeddable":true,"href":"https:\/\/mohamedhassanouazzani.org\/index.php?rest_route=\/wp\/v2\/users\/1"}],"replies":[{"embeddable":true,"href":"https:\/\/mohamedhassanouazzani.org\/index.php?rest_route=%2Fwp%2Fv2%2Fcomments&post=9868"}],"version-history":[{"count":6,"href":"https:\/\/mohamedhassanouazzani.org\/index.php?rest_route=\/wp\/v2\/posts\/9868\/revisions"}],"predecessor-version":[{"id":9883,"href":"https:\/\/mohamedhassanouazzani.org\/index.php?rest_route=\/wp\/v2\/posts\/9868\/revisions\/9883"}],"wp:featuredmedia":[{"embeddable":true,"href":"https:\/\/mohamedhassanouazzani.org\/index.php?rest_route=\/wp\/v2\/media\/9879"}],"wp:attachment":[{"href":"https:\/\/mohamedhassanouazzani.org\/index.php?rest_route=%2Fwp%2Fv2%2Fmedia&parent=9868"}],"wp:term":[{"taxonomy":"category","embeddable":true,"href":"https:\/\/mohamedhassanouazzani.org\/index.php?rest_route=%2Fwp%2Fv2%2Fcategories&post=9868"},{"taxonomy":"post_tag","embeddable":true,"href":"https:\/\/mohamedhassanouazzani.org\/index.php?rest_route=%2Fwp%2Fv2%2Ftags&post=9868"}],"curies":[{"name":"wp","href":"https:\/\/api.w.org\/{rel}","templated":true}]}}