{"id":9800,"date":"2021-11-26T14:24:26","date_gmt":"2021-11-26T13:24:26","guid":{"rendered":"http:\/\/mohamedhassanouazzani.org\/?p=9800"},"modified":"2021-12-17T12:44:05","modified_gmt":"2021-12-17T11:44:05","slug":"la-fuite-des-cerveaux-cas-du-maroc","status":"publish","type":"post","link":"https:\/\/mohamedhassanouazzani.org\/?p=9800","title":{"rendered":"La Fuite des Cerveaux. Cas du Maroc"},"content":{"rendered":"<div class=\"wpb-content-wrapper\"><p>[vc_row][vc_column][vc_tta_tabs][vc_tta_section title=\u00a0\u00bbPr\u00e9sentation\u00a0\u00bb tab_id=\u00a0\u00bb1459958412083-252f22b3-80ae\u00a0\u00bb][vc_row_inner][vc_column_inner width=\u00a0\u00bb1\/2&Prime;][vc_column_text]<a href=\"http:\/\/mohamedhassanouazzani.org\/wp-content\/uploads\/2021\/11\/Affiche-visio-d\u00e9cembre.png\" rel=\"attachment wp-att-7714\"><img loading=\"lazy\" class=\"alignnone wp-image-9804 size-full\" src=\"http:\/\/mohamedhassanouazzani.org\/wp-content\/uploads\/2021\/11\/Affiche-visio-d\u00e9cembre.png\" alt=\"\" width=\"1920\" height=\"1080\" srcset=\"https:\/\/mohamedhassanouazzani.org\/wp-content\/uploads\/2021\/11\/Affiche-visio-d\u00e9cembre.png 1920w, https:\/\/mohamedhassanouazzani.org\/wp-content\/uploads\/2021\/11\/Affiche-visio-d\u00e9cembre-300x169.png 300w, https:\/\/mohamedhassanouazzani.org\/wp-content\/uploads\/2021\/11\/Affiche-visio-d\u00e9cembre-768x432.png 768w, https:\/\/mohamedhassanouazzani.org\/wp-content\/uploads\/2021\/11\/Affiche-visio-d\u00e9cembre-1024x576.png 1024w, https:\/\/mohamedhassanouazzani.org\/wp-content\/uploads\/2021\/11\/Affiche-visio-d\u00e9cembre-600x338.png 600w\" sizes=\"(max-width: 1920px) 100vw, 1920px\" \/><\/a>[\/vc_column_text][vc_empty_space][\/vc_column_inner][vc_column_inner width=\u00a0\u00bb1\/2&Prime;][vc_column_text]<\/p>\n<p style=\"text-align: center;\"><em>Mesdames, Messieurs, Chers membres<\/em><\/p>\n<p style=\"text-align: center;\"><em>Le Centre Mohamed Hassan\u00a0Ouazzani pour la D\u00e9mocratie et le D\u00e9veloppement Humain a eu le plaisir de vous inviter \u00e0 sa derni\u00e8re visioconf\u00e9rence au titre de l&rsquo;ann\u00e9e 2021 intitul\u00e9e\u00a0:<\/em><\/p>\n<h2 style=\"text-align: center;\">LA FUITE DES CERVEAUX<\/h2>\n<h2 style=\"text-align: center;\">Cas du Maroc<\/h2>\n<h4 style=\"text-align: center;\"><strong><em>Vendredi 10 D\u00e9cembre 2021 \u00e0 15h00\u00a0<\/em><\/strong><\/h4>\n<p style=\"text-align: center;\"><em>La conf\u00e9rence a \u00e9t\u00e9 \u00a0anim\u00e9e par<strong> Monsieur<\/strong>\u00a0<strong>Mountasser FASSI-FIHRI<\/strong>, Dirigeant d&rsquo;entreprise. <\/em><\/p>\n<p style=\"text-align: center;\"><em>Avec la participation de:<\/em><\/p>\n<p style=\"text-align: center;\"><strong><em>Monsieur Najib EL KARKOURI,\u00a0<\/em><\/strong><em>Ing\u00e9nieur de formation et\u00a0<\/em><em>Directeur G\u00e9n\u00e9ral de l\u2019Ecole Hassania des Travaux Publics<\/em><\/p>\n<p style=\"text-align: center;\"><strong><em>Monsieur Guevara NOUBIR,\u00a0<\/em><\/strong><em>Professeur \u00e0 Northeastern University, Boston, USA<\/em><em>.<\/em><\/p>\n<p style=\"text-align: center;\"><strong><em>Monsieur Hicham GUESSOUS,\u00a0<\/em><\/strong><em>Ing. Civil EPFL &#8211; Chef de projets Lots Techniques et \u00c9nerg\u00e9tiques Chez HRS \u00e0 Lausanne et Pr\u00e9sident ACOMS (Association des Cadres d&rsquo;Origine Marocaine en Suisse).<\/em><\/p>\n<p style=\"text-align: center;\"><em>Nous vous remercions d\u2019avoir suivi la s\u00e9ance qui a \u00e9t\u00e9 diffus\u00e9e en direct sur notre cha\u00eene\u00a0YouTube :\u00a0<\/em><\/p>\n<p style=\"text-align: center;\"><a href=\"http:\/\/www.youtube.com\/user\/FondationMHO\" target=\"_blank\" rel=\"noopener\" data-saferedirecturl=\"https:\/\/www.google.com\/url?q=http:\/\/www.youtube.com\/user\/FondationMHO&amp;source=gmail&amp;ust=1638017116206000&amp;usg=AOvVaw1k6C5F-An8b134j6hMzop7\"><i>www.youtube.com\/user\/<wbr \/>FondationMHO<\/i><\/a><\/p>\n<p style=\"text-align: center;\"><em>Avec nos meilleures salutations.<\/em><\/p>\n<p>[\/vc_column_text][\/vc_column_inner][\/vc_row_inner][\/vc_tta_section][vc_tta_section title=\u00a0\u00bbParticipants\u00a0\u00bb tab_id=\u00a0\u00bb1451151562251-1ce0c959-e22f\u00a0\u00bb][vc_row_inner][vc_column_inner width=\u00a0\u00bb1\/2&Prime;][vc_column_text css_animation=\u00a0\u00bbnone\u00a0\u00bb]<\/p>\n<h3 style=\"text-align: center;\"><span style=\"color: #993300;\"><strong><a href=\"http:\/\/mohamedhassanouazzani.org\/wp-content\/uploads\/2020\/08\/mountasser-fassi-fihri-079-1.jpg\" rel=\"attachment wp-att-7724\"><img loading=\"lazy\" class=\"wp-image-9080 aligncenter\" src=\"http:\/\/mohamedhassanouazzani.org\/wp-content\/uploads\/2020\/08\/mountasser-fassi-fihri-079-1.jpg\" alt=\"\" width=\"227\" height=\"273\" srcset=\"https:\/\/mohamedhassanouazzani.org\/wp-content\/uploads\/2020\/08\/mountasser-fassi-fihri-079-1.jpg 283w, https:\/\/mohamedhassanouazzani.org\/wp-content\/uploads\/2020\/08\/mountasser-fassi-fihri-079-1-250x300.jpg 250w\" sizes=\"(max-width: 227px) 100vw, 227px\" \/><\/a><\/strong><\/span><\/h3>\n<h3 style=\"text-align: center;\"><strong><span style=\"font-size: 16px;\">Montasser Fassi-Fihri<\/span><\/strong><\/h3>\n<p><strong>M. FASSI-FIHRI<\/strong>\u00a0est dirigeant d\u2019une entreprise dans le secteur des technologies de l\u2019information et administrateur de plusieurs PME marocaines. Il est \u00e9galement consultant expert en organisation et gestion des risques.<\/p>\n<p>Il a \u00e9t\u00e9 pr\u00e9sident fondateur de la premi\u00e8re association marocaine pour le Risk Management en 2008 et co-auteur d\u2019un ouvrage collectif sur les Indicateurs et Tableaux de bord aux \u00e9ditions AFNOR.[\/vc_column_text][vc_column_text css_animation=\u00a0\u00bbnone\u00a0\u00bb]<\/p>\n<h3 style=\"text-align: center;\"><span style=\"color: #993300;\"><strong><a href=\"http:\/\/mohamedhassanouazzani.org\/wp-content\/uploads\/2021\/11\/Sans-titre.png\" rel=\"attachment wp-att-7724\"><img loading=\"lazy\" class=\"alignnone wp-image-9806 \" src=\"http:\/\/mohamedhassanouazzani.org\/wp-content\/uploads\/2021\/11\/Sans-titre.png\" alt=\"\" width=\"247\" height=\"303\" srcset=\"https:\/\/mohamedhassanouazzani.org\/wp-content\/uploads\/2021\/11\/Sans-titre.png 1582w, https:\/\/mohamedhassanouazzani.org\/wp-content\/uploads\/2021\/11\/Sans-titre-244x300.png 244w, https:\/\/mohamedhassanouazzani.org\/wp-content\/uploads\/2021\/11\/Sans-titre-768x944.png 768w, https:\/\/mohamedhassanouazzani.org\/wp-content\/uploads\/2021\/11\/Sans-titre-833x1024.png 833w, https:\/\/mohamedhassanouazzani.org\/wp-content\/uploads\/2021\/11\/Sans-titre-600x738.png 600w\" sizes=\"(max-width: 247px) 100vw, 247px\" \/><\/a><\/strong><\/span><\/h3>\n<h3 style=\"text-align: center;\"><strong><span style=\"font-size: 16px;\">Najib El Karkouri<\/span><\/strong><\/h3>\n<p><strong><em>Ing\u00e9nieur de formation, Directeur G\u00e9n\u00e9ral de l\u2019Ecole Hassania des Travaux Publics<\/em><\/strong><\/p>\n<p><strong>EXPERIENCE PROFESSIONNELLE<\/strong><\/p>\n<p><strong>2020<\/strong>\u00a0:\u00a0<strong>Directeur de la Strat\u00e9gie, du Financement et de la Coop\u00e9ration <\/strong>au Minist\u00e8re de l\u2019Equipement, du Transport, de la Logistique et de l\u2019Eau,<\/p>\n<p><strong>2018<\/strong>\u00a0:\u00a0<strong>Directeur des Ressources Humaines<\/strong> au Minist\u00e8re de l\u2019Equipement, du Transport, de la Logistique et de l\u2019Eau,<\/p>\n<p><strong>2013<\/strong>\u00a0:\u00a0<strong>Directeur des Syst\u00e8mes d\u2019Information<\/strong> au Minist\u00e8re de l\u2019Equipement, du Transport et de la Logistique,<\/p>\n<p>&nbsp;<\/p>\n<p><strong>\u00a0<\/strong><\/p>\n<p>[\/vc_column_text][\/vc_column_inner][vc_column_inner width=\u00a0\u00bb1\/2&Prime;][vc_column_text css_animation=\u00a0\u00bbnone\u00a0\u00bb]<\/p>\n<h3 style=\"text-align: center;\"><span style=\"color: #993300;\"><strong><a href=\"http:\/\/mohamedhassanouazzani.org\/wp-content\/uploads\/2021\/11\/unnamed.jpg\" rel=\"attachment wp-att-7724\"><img loading=\"lazy\" class=\"alignnone wp-image-9801 \" src=\"http:\/\/mohamedhassanouazzani.org\/wp-content\/uploads\/2021\/11\/unnamed.jpg\" alt=\"\" width=\"225\" height=\"338\" srcset=\"https:\/\/mohamedhassanouazzani.org\/wp-content\/uploads\/2021\/11\/unnamed.jpg 3765w, https:\/\/mohamedhassanouazzani.org\/wp-content\/uploads\/2021\/11\/unnamed-200x300.jpg 200w, https:\/\/mohamedhassanouazzani.org\/wp-content\/uploads\/2021\/11\/unnamed-768x1152.jpg 768w, https:\/\/mohamedhassanouazzani.org\/wp-content\/uploads\/2021\/11\/unnamed-683x1024.jpg 683w, https:\/\/mohamedhassanouazzani.org\/wp-content\/uploads\/2021\/11\/unnamed-600x900.jpg 600w\" sizes=\"(max-width: 225px) 100vw, 225px\" \/><\/a><\/strong><\/span><\/h3>\n<h3 style=\"text-align: center;\"><strong><span style=\"font-size: 16px;\">Hicham Guessous<\/span><\/strong><\/h3>\n<div>Natif de Casablanca o\u00f9 je suis n\u00e9 et grandi; je suis venu en Suisse pour faire mes \u00e9tudes d&rsquo;ing\u00e9nierie civile \u00e0 l&rsquo;EPFL.<\/div>\n<div>Durant mon cursus acad\u00e9mique, j&rsquo;ai entre autres eu la chance d&rsquo;\u00e9tudier une ann\u00e9e \u00e0 l&rsquo;Ecole Centrale Paris o\u00f9 j&rsquo;\u00e9tais Vice-Pr\u00e9sident du Club Centrale Maroc en 2012\/2013.<\/div>\n<div><\/div>\n<div>J&rsquo;ai occup\u00e9 \u00e0 l&rsquo;EPFL le poste de Pr\u00e9sident de l&rsquo;Association des \u00e9tudiants Polytechniciens Marocains de Lausanne en 2013\/2014.<\/div>\n<div><\/div>\n<div>Je suis membre de l&rsquo;Association des Cadres d&rsquo;Origine Marocaine en Suisse depuis 2017. J&rsquo;ai occup\u00e9 le poste de secr\u00e9taire g\u00e9n\u00e9ral de l&rsquo;association en 2018, et en suis le pr\u00e9sident depuis 2019. Dans le cadre de mes fonctions au sein de l&rsquo;ACOMS, j&rsquo;ai notamment eu l&rsquo;opportunit\u00e9 de participer \u00e0 plusieurs projets de collaboration entre la Suisse et le Maroc (organisation du symposium sur l&rsquo;innovation 2019 par l&rsquo;ACOMS \u00e0 Casablanca \u00e0 l&rsquo;UM6SS, diverses actions caritatives, r\u00e9alisation d&rsquo;une note destin\u00e9e \u00e0 la CSND, etc.)<\/div>\n<div><\/div>\n<div>En ce qui concerne le c\u00f4t\u00e9 professionnel, je travaille dans le secteur de la construction, et me suis sp\u00e9cialis\u00e9 dans le domaine des lots techniques et \u00e9nerg\u00e9tiques (chauffage, froid, ventilation, sanitaire, \u00e9lectricit\u00e9, automatisme du b\u00e2timent, labels \u00e9nerg\u00e9tiques). J&rsquo;ai d&rsquo;abord travaill\u00e9 plus de 5 ans au sein de Losinger Marazzi (Bouygues Construction en Suisse) avec des va et vient entre la direction travaux et la direction technique.<\/div>\n<div><\/div>\n<div>J&rsquo;ai rejoint depuis 2019 l&rsquo;entreprise suisse de construction HRS, dans laquelle j&rsquo;occupe le poste de chef de projets, et suis \u00e0 la fois rattach\u00e9 \u00e0 la direction \u00ab\u00a0R\u00e9alisation\u00a0\u00bb et \u00e0 la direction \u00ab\u00a0Calculation et BIM\u00a0\u00bb. J&rsquo;ai la chance de pouvoir participer \u00e0 la conception et la r\u00e9alisation de projets d&rsquo;envergure et de diff\u00e9rentes natures (Logements, Hospitalier, Laboratoires, Bureaux, etc.)<\/div>\n<p>[\/vc_column_text][vc_column_text css_animation=\u00a0\u00bbnone\u00a0\u00bb]<\/p>\n<h3 style=\"text-align: center;\"><span style=\"color: #993300;\"><strong><a href=\"http:\/\/mohamedhassanouazzani.org\/wp-content\/uploads\/2020\/11\/unnamed.jpg\" rel=\"attachment wp-att-7724\"><img loading=\"lazy\" class=\"alignnone wp-image-9293 \" src=\"http:\/\/mohamedhassanouazzani.org\/wp-content\/uploads\/2020\/11\/unnamed.jpg\" alt=\"\" width=\"185\" height=\"232\" \/><\/a><\/strong><\/span><\/h3>\n<h3 style=\"text-align: center;\"><strong><span style=\"font-size: 16px;\">Guevara Noubir<\/span><\/strong><\/h3>\n<p style=\"text-align: left;\">Guevara Noubir is a Professor at Northeastern University. His research interests span a range of problems on the theory and practice of privacy, security, and robustness in networked systems.\u00a0 Dr. Noubir holds a PhD in CS from EPFL and MS in CS (dipl\u00f4me d&rsquo;ing\u00e9nieur) from ENSIMAG, France. He held research and visiting positions at CSEM SA, EPFL, Eurecom, MIT, and UNL. Professor Noubir received several research awards including the US National Science Foundation CAREER Award, Google Faculty Research Award on Privacy, multiple best paper awards, and led award winning teams in several competitions including the DARPA Spectrum Collaboration Challenge (SC2).<\/p>\n<p><strong>Publications:\u00a0<\/strong><a href=\"https:\/\/www.ccs.neu.edu\/home\/noubir\/publications.html\">https:\/\/www.ccs.neu.edu\/home\/noubir\/publications.html<\/a>[\/vc_column_text][\/vc_column_inner][\/vc_row_inner][\/vc_tta_section][vc_tta_section title=\u00a0\u00bbR\u00e9sum\u00e9\u00a0\u00bb tab_id=\u00a0\u00bb1638364023745-3ed46a5c-2afa\u00a0\u00bb][vc_column_text]<\/p>\n<h2 style=\"text-align: center;\"><strong>H\u00e9morragie des talents, entre contretemps et libert\u00e9 !<\/strong><\/h2>\n<p style=\"text-align: center;\"><strong>Mountasser Fassi-Fihri<\/strong><\/p>\n<p style=\"text-align: center;\">D\u2019aucuns parlent aujourd\u2019hui de l\u2019intensification de la \u00ab fuite des cerveaux \u00bb et<br \/>\nde ses hypoth\u00e9tiques et f\u00e2cheuses r\u00e9percussions sur une \u00e9conomie toujours en<br \/>\nqu\u00eate de croissance \u00e9quilibr\u00e9e.<br \/>\nQuels sont les enjeux de ce ph\u00e9nom\u00e8ne et quelle en est l\u2019ampleur aujourd\u2019hui ?<br \/>\nQuelles cat\u00e9gories socio-professionnelles et quels m\u00e9tiers sont concern\u00e9s ?<br \/>\nS\u2019agit-il d\u2019une nouvelle donne g\u00e9n\u00e9r\u00e9e par une globalisation ayant atteint son<br \/>\nparoxysme ? Cela aurait-il vraiment un impact n\u00e9gatif sur notre \u00e9conomie ou<br \/>\nsommes-nous face \u00e0 une \u00e9ni\u00e8me surench\u00e8re politique ? Quelles en seraient les<br \/>\nraisons ? Serait-il possible de les contenir ou d\u2019en r\u00e9duire les effets ? Quelles<br \/>\nmesures pr\u00e9voir dans le cadre de notre futur mod\u00e8le de d\u00e9veloppement ?<br \/>\nTelle est la probl\u00e9matique dont nous tenterons de saisir le sens et pour laquelle<br \/>\nnous proposerons des r\u00e9flexions concr\u00e8tes, \u00e0 m\u00eame de nourrir la dynamique<br \/>\nd\u2019action \u00e9conomique et politique.<\/p>\n<p>[\/vc_column_text][vc_column_text]<\/p>\n<h2 style=\"text-align: center;\"><strong>La Fuite des Cerveaux : d\u00e9fis et opportunit\u00e9s<\/strong><\/h2>\n<p style=\"text-align: center;\"><strong>Najib El Karkouri<\/strong><\/p>\n<p style=\"text-align: center;\">Loin d\u2019\u00eatre un nouveau ph\u00e9nom\u00e8ne, la fuite des cerveaux s\u2019intensifie d\u2019ann\u00e9e en ann\u00e9e, et constitue d\u2019une part un d\u00e9fi pour les entreprises qui sont confront\u00e9es \u00e0 un turnover tr\u00e8s important, et d\u2019autre part une opportunit\u00e9 de d\u00e9veloppement des pays d\u2019origine gr\u00e2ce aux comp\u00e9tences et savoirs investis par les expatri\u00e9s apr\u00e8s leur retour. Comment endiguer cette exode et quelles sont les principaux leviers \u00e0 activer pour favoriser le retour des talents et b\u00e9n\u00e9ficier de leurs expertises ?<\/p>\n<p>[\/vc_column_text][\/vc_tta_section][vc_tta_section title=\u00a0\u00bbPresse\u00a0\u00bb tab_id=\u00a0\u00bb1639403667373-8cd16f2e-6ddc\u00a0\u00bb][vc_column_text]<a href=\"http:\/\/mohamedhassanouazzani.org\/wp-content\/uploads\/2021\/11\/DC9E8577-0A65-4218-8F55-E0BA44780AD6.jpeg\"><img loading=\"lazy\" class=\"alignnone size-full wp-image-9817\" src=\"http:\/\/mohamedhassanouazzani.org\/wp-content\/uploads\/2021\/11\/DC9E8577-0A65-4218-8F55-E0BA44780AD6.jpeg\" alt=\"\" width=\"1242\" height=\"1970\" srcset=\"https:\/\/mohamedhassanouazzani.org\/wp-content\/uploads\/2021\/11\/DC9E8577-0A65-4218-8F55-E0BA44780AD6.jpeg 1242w, https:\/\/mohamedhassanouazzani.org\/wp-content\/uploads\/2021\/11\/DC9E8577-0A65-4218-8F55-E0BA44780AD6-189x300.jpeg 189w, https:\/\/mohamedhassanouazzani.org\/wp-content\/uploads\/2021\/11\/DC9E8577-0A65-4218-8F55-E0BA44780AD6-768x1218.jpeg 768w, https:\/\/mohamedhassanouazzani.org\/wp-content\/uploads\/2021\/11\/DC9E8577-0A65-4218-8F55-E0BA44780AD6-646x1024.jpeg 646w, https:\/\/mohamedhassanouazzani.org\/wp-content\/uploads\/2021\/11\/DC9E8577-0A65-4218-8F55-E0BA44780AD6-600x952.jpeg 600w\" sizes=\"(max-width: 1242px) 100vw, 1242px\" \/><\/a><\/p>\n<p><a href=\"https:\/\/anfaspress.com\/news\/voir\/89881-2021-12-11-08-36-47\">Cliquer pour Consulter l\u2019article<\/a>[\/vc_column_text][\/vc_tta_section][vc_tta_section title=\u00a0\u00bbVid\u00e9o \u00a0\u00bb tab_id=\u00a0\u00bb1639741350245-45c59dad-5cb9&Prime;][vc_video link=\u00a0\u00bbhttps:\/\/youtu.be\/OWa-7I6fdP0&Prime; title=\u00a0\u00bbLa Fuite des Cerveaux. Cas du Maroc\u00a0\u00bb][\/vc_tta_section][\/vc_tta_tabs][\/vc_column][\/vc_row]<\/p>\n<\/div>","protected":false},"excerpt":{"rendered":"<p>[vc_row][vc_column][vc_tta_tabs][vc_tta_section title=\u00a0\u00bbPr\u00e9sentation\u00a0\u00bb tab_id=\u00a0\u00bb1459958412083-252f22b3-80ae\u00a0\u00bb][vc_row_inner][vc_column_inner width=\u00a0\u00bb1\/2&Prime;][vc_column_text][\/vc_column_text][vc_empty_space][\/vc_column_inner][vc_column_inner width=\u00a0\u00bb1\/2&Prime;][vc_column_text] Mesdames, Messieurs, Chers membres Le Centre Mohamed Hassan\u00a0Ouazzani pour la D\u00e9mocratie et le D\u00e9veloppement Humain a eu le plaisir de vous inviter \u00e0 sa derni\u00e8re visioconf\u00e9rence au titre de l&rsquo;ann\u00e9e 2021 intitul\u00e9e\u00a0: LA FUITE DES CERVEAUX Cas du Maroc Vendredi 10 D\u00e9cembre 2021 \u00e0 15h00\u00a0 La conf\u00e9rence a \u00e9t\u00e9 \u00a0anim\u00e9e [&hellip;]<\/p>\n","protected":false},"author":1,"featured_media":9804,"comment_status":"open","ping_status":"open","sticky":false,"template":"","format":"standard","meta":[],"categories":[1,61],"tags":[],"_links":{"self":[{"href":"https:\/\/mohamedhassanouazzani.org\/index.php?rest_route=\/wp\/v2\/posts\/9800"}],"collection":[{"href":"https:\/\/mohamedhassanouazzani.org\/index.php?rest_route=\/wp\/v2\/posts"}],"about":[{"href":"https:\/\/mohamedhassanouazzani.org\/index.php?rest_route=\/wp\/v2\/types\/post"}],"author":[{"embeddable":true,"href":"https:\/\/mohamedhassanouazzani.org\/index.php?rest_route=\/wp\/v2\/users\/1"}],"replies":[{"embeddable":true,"href":"https:\/\/mohamedhassanouazzani.org\/index.php?rest_route=%2Fwp%2Fv2%2Fcomments&post=9800"}],"version-history":[{"count":14,"href":"https:\/\/mohamedhassanouazzani.org\/index.php?rest_route=\/wp\/v2\/posts\/9800\/revisions"}],"predecessor-version":[{"id":9819,"href":"https:\/\/mohamedhassanouazzani.org\/index.php?rest_route=\/wp\/v2\/posts\/9800\/revisions\/9819"}],"wp:featuredmedia":[{"embeddable":true,"href":"https:\/\/mohamedhassanouazzani.org\/index.php?rest_route=\/wp\/v2\/media\/9804"}],"wp:attachment":[{"href":"https:\/\/mohamedhassanouazzani.org\/index.php?rest_route=%2Fwp%2Fv2%2Fmedia&parent=9800"}],"wp:term":[{"taxonomy":"category","embeddable":true,"href":"https:\/\/mohamedhassanouazzani.org\/index.php?rest_route=%2Fwp%2Fv2%2Fcategories&post=9800"},{"taxonomy":"post_tag","embeddable":true,"href":"https:\/\/mohamedhassanouazzani.org\/index.php?rest_route=%2Fwp%2Fv2%2Ftags&post=9800"}],"curies":[{"name":"wp","href":"https:\/\/api.w.org\/{rel}","templated":true}]}}