{"id":9743,"date":"2021-09-21T15:37:05","date_gmt":"2021-09-21T14:37:05","guid":{"rendered":"http:\/\/mohamedhassanouazzani.org\/?p=9743"},"modified":"2021-10-12T11:36:05","modified_gmt":"2021-10-12T10:36:05","slug":"democratie-et-developpement-au-maroc-potentialites-et-limites","status":"publish","type":"post","link":"https:\/\/mohamedhassanouazzani.org\/?p=9743","title":{"rendered":"D\u00e9mocratie et D\u00e9veloppement au Maroc : Potentialit\u00e9s et Limites"},"content":{"rendered":"<div class=\"wpb-content-wrapper\"><p>[vc_row][vc_column][vc_tta_tabs][vc_tta_section title=\u00a0\u00bbPr\u00e9sentation\u00a0\u00bb tab_id=\u00a0\u00bb1459958412083-252f22b3-80ae\u00a0\u00bb][vc_row_inner][vc_column_inner width=\u00a0\u00bb1\/2&Prime;][vc_column_text]<a href=\"http:\/\/mohamedhassanouazzani.org\/wp-content\/uploads\/2021\/09\/Visioconf\u00e9rence-Comm\u00e9morative-Arabe.png\" rel=\"attachment wp-att-7714\"><img loading=\"lazy\" class=\"alignnone wp-image-9793 size-full\" src=\"http:\/\/mohamedhassanouazzani.org\/wp-content\/uploads\/2021\/09\/Visioconf\u00e9rence-Comm\u00e9morative-Arabe.png\" alt=\"\" width=\"1587\" height=\"2245\" srcset=\"https:\/\/mohamedhassanouazzani.org\/wp-content\/uploads\/2021\/09\/Visioconf\u00e9rence-Comm\u00e9morative-Arabe.png 1587w, https:\/\/mohamedhassanouazzani.org\/wp-content\/uploads\/2021\/09\/Visioconf\u00e9rence-Comm\u00e9morative-Arabe-212x300.png 212w, https:\/\/mohamedhassanouazzani.org\/wp-content\/uploads\/2021\/09\/Visioconf\u00e9rence-Comm\u00e9morative-Arabe-768x1086.png 768w, https:\/\/mohamedhassanouazzani.org\/wp-content\/uploads\/2021\/09\/Visioconf\u00e9rence-Comm\u00e9morative-Arabe-724x1024.png 724w, https:\/\/mohamedhassanouazzani.org\/wp-content\/uploads\/2021\/09\/Visioconf\u00e9rence-Comm\u00e9morative-Arabe-600x849.png 600w\" sizes=\"(max-width: 1587px) 100vw, 1587px\" \/><\/a>[\/vc_column_text][vc_column_text]<a href=\"http:\/\/mohamedhassanouazzani.org\/wp-content\/uploads\/2021\/08\/Visioconf\u00e9rence-Comm\u00e9morative-2.png\" rel=\"attachment wp-att-7714\"><img loading=\"lazy\" class=\"wp-image-9777 size-full aligncenter\" src=\"http:\/\/mohamedhassanouazzani.org\/wp-content\/uploads\/2021\/08\/Visioconf\u00e9rence-Comm\u00e9morative-2.png\" alt=\"\" width=\"1587\" height=\"2245\" srcset=\"https:\/\/mohamedhassanouazzani.org\/wp-content\/uploads\/2021\/08\/Visioconf\u00e9rence-Comm\u00e9morative-2.png 1587w, https:\/\/mohamedhassanouazzani.org\/wp-content\/uploads\/2021\/08\/Visioconf\u00e9rence-Comm\u00e9morative-2-212x300.png 212w, https:\/\/mohamedhassanouazzani.org\/wp-content\/uploads\/2021\/08\/Visioconf\u00e9rence-Comm\u00e9morative-2-768x1086.png 768w, https:\/\/mohamedhassanouazzani.org\/wp-content\/uploads\/2021\/08\/Visioconf\u00e9rence-Comm\u00e9morative-2-724x1024.png 724w, https:\/\/mohamedhassanouazzani.org\/wp-content\/uploads\/2021\/08\/Visioconf\u00e9rence-Comm\u00e9morative-2-600x849.png 600w\" sizes=\"(max-width: 1587px) 100vw, 1587px\" \/><\/a>[\/vc_column_text][vc_empty_space][\/vc_column_inner][vc_column_inner width=\u00a0\u00bb1\/2&Prime;][vc_column_text]<\/p>\n<p style=\"text-align: center;\"><em>Mesdames, Messieurs, Chers Membres<\/em><\/p>\n<p style=\"text-align: center;\"><em>En r\u00e9f\u00e9rence aux id\u00e9es de Mohamed Hassan Ouazzani, \u00e0 l\u2019occasion de la 42<sup>\u00e8me<\/sup>\u00a0comm\u00e9moration de son d\u00e9c\u00e8s (1910-1978) et \u00e0 l\u2019occasion de la Journ\u00e9e Internationale de la D\u00e9mocratie,\u00a0le Centre a organis\u00e9 une visioconf\u00e9rence intitul\u00e9e\u00a0:<\/em><\/p>\n<h2 style=\"text-align: center;\"><strong>D\u00e9mocratie et D\u00e9veloppement au Maroc : Potentialit\u00e9s et Limites<\/strong><\/h2>\n<h4 style=\"text-align: center;\"><strong><em>Samedi 02 Octobre 2021 \u00e0 14h00\u00a0<\/em><\/strong><\/h4>\n<p style=\"text-align: center;\"><em>Avec la participation de :\u00a0\u00a0<\/em><\/p>\n<p style=\"text-align: center;\"><strong><em>\u00a0Monsieur Mostafa Bouaziz,<\/em><\/strong><em> Historien, Professeur de l&rsquo;Enseignement Sup\u00e9rieur et Pr\u00e9sident de la s\u00e9ance.<\/em><\/p>\n<p style=\"text-align: center;\"><strong><em>\u00a0Monsieur Mohamed Mouaquit,<\/em><\/strong><em>\u00a0Professeur\u00a0de Sciences Politiques \u00e0 l&rsquo;Universit\u00e9 Hassan II de Casablanca.<\/em><\/p>\n<p style=\"text-align: center;\"><strong><em>Madame Latifa El Bouhsini,\u00a0<\/em><\/strong><em>Universitaire sp\u00e9cialiste de l&rsquo;Histoire des Femmes.<\/em><\/p>\n<p style=\"text-align: center;\"><strong><em>\u00a0Monsieur Reda Benkirane,<\/em><\/strong><em> Sociologue et Sp\u00e9cialiste en Affaires Internationales.<\/em><\/p>\n<p style=\"text-align: center;\"><strong><em>Monsieur Maarouf Dafali,<\/em><\/strong><em> Historien et Professeur de l&rsquo;Enseignement Sup\u00e9rieur\u00a0<\/em><\/p>\n<p style=\"text-align: center;\"><em>Nous vous remercions d\u2019avoir suivi la s\u00e9ance qui a \u00e9t\u00e9 \u00a0diffus\u00e9e en direct sur notre cha\u00eene\u00a0YouTube :<\/em><\/p>\n<p style=\"text-align: center;\"><a href=\"http:\/\/www.youtube.com\/user\/FondationMHO\"><em>\u00a0<span class=\"JsGRdQ\">www.youtube.com\/user\/FondationMHO<\/span><\/em><\/a><\/p>\n<p style=\"text-align: center;\"><em>Avec nos meilleures salutations.<\/em><\/p>\n<p>[\/vc_column_text][\/vc_column_inner][\/vc_row_inner][\/vc_tta_section][vc_tta_section title=\u00a0\u00bbParticipants\u00a0\u00bb tab_id=\u00a0\u00bb1451151562251-1ce0c959-e22f\u00a0\u00bb][vc_row_inner][vc_column_inner width=\u00a0\u00bb1\/2&Prime;][vc_column_text css_animation=\u00a0\u00bbnone\u00a0\u00bb]<\/p>\n<h3 style=\"text-align: center;\"><span style=\"color: #993300;\"><strong><a href=\"http:\/\/mohamedhassanouazzani.org\/wp-content\/uploads\/2021\/09\/prof-bouaziz-300x241-300x241.jpg\" rel=\"attachment wp-att-7724\"><img loading=\"lazy\" class=\"alignnone wp-image-9779 size-full\" src=\"http:\/\/mohamedhassanouazzani.org\/wp-content\/uploads\/2021\/09\/prof-bouaziz-300x241-300x241.jpg\" alt=\"\" width=\"300\" height=\"241\" \/><\/a><\/strong><\/span><\/h3>\n<h3 style=\"text-align: center;\"><strong><span style=\"font-size: 16px;\">Mostafa Bouaziz<\/span><\/strong><\/h3>\n<p>Historien, titulaire d\u2019un Doctorat d\u2019Etat \u00e0 l\u2019Universit\u00e9 Paris I Panth\u00e9on \u2013Sorbonne et d\u2019un dipl\u00f4me de l\u2019Ecole des Hautes Etudes en Sciences Sociales (EHESS) de Paris. Il est actuellement Professeur de l\u2019Enseignement Sup\u00e9rieur \u00e0 l\u2019universit\u00e9 Hassan II de Casablanca. Il est \u00e9galement Conseiller scientifique de la revue Zamane et membre fondateur de l\u2019Association Marocaine de la recherche historique.<\/p>\n<p><strong>Mostafa Bouaziz<\/strong>\u00a0a contribu\u00e9 \u00e0 la r\u00e9daction de plusieurs articles dans la presse marocaine et est aussi l\u2019auteur de plusieurs livres et ouvrages dont : Aux origines de la Koutla d\u00e9mocratique (\u00e9ditions de la Facult\u00e9 des lettres A\u00efn Chok, 1997).[\/vc_column_text][vc_column_text css_animation=\u00a0\u00bbnone\u00a0\u00bb]<\/p>\n<h3 style=\"text-align: center;\"><span style=\"color: #993300;\"><strong><a href=\"http:\/\/mohamedhassanouazzani.org\/wp-content\/uploads\/2021\/09\/28-272x300.jpg\" rel=\"attachment wp-att-7724\"><img loading=\"lazy\" class=\"alignnone wp-image-9781 size-full\" src=\"http:\/\/mohamedhassanouazzani.org\/wp-content\/uploads\/2021\/09\/28-272x300.jpg\" alt=\"\" width=\"272\" height=\"300\" \/><\/a><\/strong><\/span><\/h3>\n<h3 style=\"text-align: center;\"><strong><span style=\"font-size: 16px;\">Mohamed Mouaquit<\/span><\/strong><\/h3>\n<p><strong>Mohamed Mouaquit<\/strong>\u00a0est\u00a0 docteur d\u2019Etat en Sciences Politiques de l\u2019Universit\u00e9 Paris II. France.\u00a0Il est actuellement professeur\u00a0 de sciences politiques \u00e0 la Facult\u00e9 des sciences juridiques, \u00e9conomiques et sociales. Universit\u00e9 Hassan II A\u00efnChok de Casablanca&#8230;<a href=\"http:\/\/mohamedhassanouazzani.org\/?s=Mouaquit\">Lire la suite.<\/a><\/p>\n<article class=\"post post-large post-8043 type-post status-publish format-standard has-post-thumbnail hentry category-conferences\">\n<div class=\"post-gap\" style=\"text-align: right;\">\n<p>&nbsp;<\/p>\n<\/div>\n<\/article>\n<p>[\/vc_column_text][vc_column_text css_animation=\u00a0\u00bbnone\u00a0\u00bb]<\/p>\n<h3 style=\"text-align: center;\"><span style=\"color: #993300;\"><strong><a href=\"http:\/\/mohamedhassanouazzani.org\/wp-content\/uploads\/2021\/09\/unnamed.jpg\" rel=\"attachment wp-att-7724\"><img loading=\"lazy\" class=\"alignnone wp-image-9783 \" src=\"http:\/\/mohamedhassanouazzani.org\/wp-content\/uploads\/2021\/09\/unnamed.jpg\" alt=\"\" width=\"268\" height=\"378\" srcset=\"https:\/\/mohamedhassanouazzani.org\/wp-content\/uploads\/2021\/09\/unnamed.jpg 318w, https:\/\/mohamedhassanouazzani.org\/wp-content\/uploads\/2021\/09\/unnamed-213x300.jpg 213w\" sizes=\"(max-width: 268px) 100vw, 268px\" \/><\/a><\/strong><\/span><\/h3>\n<h3 style=\"text-align: center;\"><strong><span style=\"font-size: 16px;\">Latifa El Bouhsini<\/span><\/strong><\/h3>\n<div dir=\"auto\">\n<p style=\"background: white; margin: 6.0pt 0cm 6.0pt 0cm;\"><b><span style=\"font-size: 11.0pt; font-family: 'Arial','sans-serif';\">Latifa El Bouhsini<\/span><\/b><span style=\"font-size: 11.0pt; font-family: 'Arial','sans-serif';\">\u00a0est professeure \u00e0 la facult\u00e9 des sciences de l\u2019\u00e9ducation \u00e0\u00a0Rabat, formatrice sp\u00e9cialiste de l\u2019approche genre et droits des femmes. Elle est membre du bureau national de l\u2019\u00c9cole citoyenne des \u00e9tudes politiques au Maroc depuis 2012.<\/span><\/p>\n<p><span style=\"font-size: 11.0pt; font-family: 'Arial','sans-serif';\">Latifa El Bouhsini est docteure en histoire des civilisations, chercheuse dans le domaine de l\u2019histoire des femmes\u00a0et du\u00a0mouvement f\u00e9ministe\u00a0au Maroc. Activiste f\u00e9ministe de gauche, elle est \u00e9galement fondatrice de l\u2019Union d\u2019action f\u00e9ministe en\u00a0<time class=\"nowrap\" datetime=\"1987-03\" data-sort-value=\"1987-03\">mars 1987<\/time>\u00a0et membre du bureau national de l\u2019organisation marocaine des droits de l\u2019homme.<\/span><\/p>\n<p style=\"background: white; font-variant-ligatures: normal; font-variant-caps: normal; orphans: 2; text-align: start; widows: 2; -webkit-text-stroke-width: 0px; text-decoration-thickness: initial; text-decoration-style: initial; text-decoration-color: initial; word-spacing: 0px; margin: 6.0pt 0cm 6.0pt 0cm;\"><strong>Publications en fran\u00e7ais\u00a0<\/strong><\/p>\n<ul>\n<li>Les m\u00e9tiers f\u00e9minins dans le Maroc m\u00e9di\u00e9val, Ouvrage collectif, Universit\u00e9 Ibn Tofa\u00efl, 2005.<\/li>\n<li>Le f\u00e9minisme au Maroc : histoire d\u2019une \u00e9volution difficile, 2008.<\/li>\n<li>Mouvement des droits humains des femmes\u00a0: approche historique et archivistique, Ouvrage, 2014.<\/li>\n<li>Maroc\u00a0: acquis et limites du mouvement des femmes dans un ouvrage collectif intitul\u00e9, \u00ab\u00a0Etat des r\u00e9sistances dans le Sud Mouvements de femmes\u00a0\u00bb, \u00e9d, Syllepse, d\u00e9cembre 2015.<\/li>\n<li>Une lutte pour l\u2019\u00e9galit\u00e9 racont\u00e9e par les f\u00e9ministes marocaines, la revue \u00ab\u00a0Rives\u00a0\u00bb, Universit\u00e9 d\u2019Aix-en Provence, mars 2016.<\/li>\n<li>L\u2019\u00e9volution historique de la participation politique des femmes au Maroc\u00a0: lecture critique selon l\u2019approche genre, ouvrage collectif, Universit\u00e9 Cadi Ayad, Marrakech, 2016.<\/li>\n<li>\u00ab\u00a0Les rescap\u00e9es de l&rsquo;oubli dans les \u00e9crits et dans l&rsquo;historiographie du<br \/>\nMaroc entre le\u00a0XI\u00e8me et le XIV\u00e8me si\u00e8cle, Hesperis-Tamuda, Vol-56, 2021.<\/li>\n<\/ul>\n<\/div>\n<p>[\/vc_column_text][\/vc_column_inner][vc_column_inner width=\u00a0\u00bb1\/2&Prime;][vc_column_text css_animation=\u00a0\u00bbnone\u00a0\u00bb]<\/p>\n<h3 style=\"text-align: center;\"><span style=\"color: #993300;\"><strong><a href=\"http:\/\/mohamedhassanouazzani.org\/wp-content\/uploads\/2020\/01\/redabenkirane-2016_03_03-08_27_56-UTC.jpg\" rel=\"attachment wp-att-7724\"><img loading=\"lazy\" class=\"alignnone wp-image-8645 \" src=\"http:\/\/mohamedhassanouazzani.org\/wp-content\/uploads\/2020\/01\/redabenkirane-2016_03_03-08_27_56-UTC.jpg\" alt=\"\" width=\"230\" height=\"270\" srcset=\"https:\/\/mohamedhassanouazzani.org\/wp-content\/uploads\/2020\/01\/redabenkirane-2016_03_03-08_27_56-UTC.jpg 300w, https:\/\/mohamedhassanouazzani.org\/wp-content\/uploads\/2020\/01\/redabenkirane-2016_03_03-08_27_56-UTC-256x300.jpg 256w\" sizes=\"(max-width: 230px) 100vw, 230px\" \/><\/a><\/strong><\/span><\/h3>\n<h3 style=\"text-align: center;\"><strong><span style=\"font-size: 16px;\">Reda Benkirane<\/span><\/strong><\/h3>\n<p><strong>Reda<\/strong> <strong>Benkirane<\/strong> est\u00a0titulaire d\u2019un master en \u00e9tudes du d\u00e9veloppement et d\u2019un DEA en sociologie urbaine et anthropologie culturelle de l\u2019institut des hautes \u00e9tudes internationales et du d\u00e9veloppement de Gen\u00e8ve, d\u2019un doctorat en philosophie de l\u2019universit\u00e9 de Lyon, est sociologue et expert aupr\u00e8s des Nations Unies et d\u2019agences internationales.<\/p>\n<p>Site personnel\u00a0:\u00a0<a href=\"http:\/\/www.archipress.org\/reda\" target=\"_blank\" rel=\"noopener\" data-saferedirecturl=\"https:\/\/www.google.com\/url?q=http:\/\/www.archipress.org\/reda&amp;source=gmail&amp;ust=1632470685676000&amp;usg=AFQjCNEeJu0gIveLHD63Lm_Jd6D4N2jPtQ\">www.archipress.<wbr \/>org\/reda<\/a><\/p>\n<p><strong>Livres\u00a0<\/strong><\/p>\n<p><span data-originalfontsize=\"10.5pt\" data-originalcomputedfontsize=\"14\">Dernier ouvrage paru\u00a0:\u00a0<em data-removefontsize=\"true\" data-originalcomputedfontsize=\"14\">Islam, \u00e0 la reconqu\u00eate du sens<\/em>, Casablanca, La Crois\u00e9e des Chemins, 2021.<br \/>\n<\/span><\/p>\n<p><em><span data-originalfontsize=\"10.5pt\" data-originalcomputedfontsize=\"14\">D\u00e9mographie et g\u00e9opolitique. \u00c9tude critique des travaux d\u2019Emmanuel Todd<\/span><\/em><span data-originalfontsize=\"10.5pt\" data-originalcomputedfontsize=\"14\">, Paris, Hermann, 2015.<\/span><\/p>\n<p><em><span data-originalfontsize=\"10.5pt\" data-originalcomputedfontsize=\"14\">La Complexit\u00e9, vertiges et promesses. Dix-huit histoires de sciences<\/span><\/em><span data-originalfontsize=\"10.5pt\" data-originalcomputedfontsize=\"14\">, Paris, Le Pommier, 2002, 2006 et 2013.<\/span><\/p>\n<p><em><span data-originalfontsize=\"10.5pt\" data-originalcomputedfontsize=\"14\">Le D\u00e9sarroi identitaire. Jeunesse, arabit\u00e9 et islamit\u00e9 contemporaines<\/span><\/em><span data-originalfontsize=\"10.5pt\" data-originalcomputedfontsize=\"14\">, pr\u00e9face de Salah St\u00e9ti\u00e9, Paris, Cerf, 2004 ; Casablanca, La Crois\u00e9e des Chemins, 2012.<\/span><\/p>\n<p>&nbsp;<\/p>\n<p>[\/vc_column_text][vc_column_text css_animation=\u00a0\u00bbnone\u00a0\u00bb]<\/p>\n<h3 style=\"text-align: center;\"><span style=\"color: #993300;\"><strong><a href=\"http:\/\/mohamedhassanouazzani.org\/wp-content\/uploads\/2021\/09\/photo-dafali.jpg\" rel=\"attachment wp-att-7724\"><img loading=\"lazy\" class=\"alignnone wp-image-9784 \" src=\"http:\/\/mohamedhassanouazzani.org\/wp-content\/uploads\/2021\/09\/photo-dafali.jpg\" alt=\"\" width=\"288\" height=\"267\" srcset=\"https:\/\/mohamedhassanouazzani.org\/wp-content\/uploads\/2021\/09\/photo-dafali.jpg 480w, https:\/\/mohamedhassanouazzani.org\/wp-content\/uploads\/2021\/09\/photo-dafali-300x278.jpg 300w\" sizes=\"(max-width: 288px) 100vw, 288px\" \/><\/a><\/strong><\/span><\/h3>\n<h3 style=\"text-align: center;\"><strong><span style=\"font-size: 16px;\">Mohamed Maarouf Dafali<\/span><\/strong><\/h3>\n<p><strong>Mohamed Maarouf Dafali<\/strong>\u00a0est\u00a0Vice-Pr\u00e9sident du Centre Mohamed Hassan Ouazzani pour la D\u00e9mocratie et le D\u00e9veloppement Humain.<\/p>\n<p>Docteur d\u2019\u00e9tat en Histoire moderne, il enseigne actuellement \u00e0 la Facult\u00e9 de Lettres de Ain Chock.<\/p>\n<article class=\"post post-large post-8043 type-post status-publish format-standard has-post-thumbnail hentry category-conferences\">\n<div class=\"post-gap\" style=\"text-align: right;\">\n<p>&nbsp;<\/p>\n<\/div>\n<\/article>\n<p>[\/vc_column_text][\/vc_column_inner][\/vc_row_inner][\/vc_tta_section][vc_tta_section title=\u00a0\u00bbR\u00e9sum\u00e9s des Interventions\u00a0\u00bb tab_id=\u00a0\u00bb1632234567006-df756164-9b26&Prime;][vc_column_text]<\/p>\n<h2 style=\"text-align: center;\"><strong>Droits des femmes et combat d\u00e9mocratique au Maroc<\/strong><\/h2>\n<p style=\"text-align: center;\"><strong>Latifa El Bouhsini<\/strong><\/p>\n<p style=\"text-align: center;\">La question des droits des femmes a constitu\u00e9 un des leviers du combat pour la construction d\u2019un Etat ind\u00e9pendant et d\u00e9mocratique. L\u2019\u00e9volution progressive de la situation des femmes notamment dans des domaines tels que l\u2019\u00e9ducation et l\u2019emploi salari\u00e9 a contribu\u00e9 \u00e0 l\u2019\u00e9mergence d\u2019une \u00e9lite militante f\u00e9ministe qui a r\u00e9ussi \u00e0 positionner cette question au c\u0153ur de l\u2019agenda relatif au d\u00e9veloppement. Par ailleurs, l\u2019exp\u00e9rience marocaine des luttes pour la reconnaissance de l\u2019\u00e9galit\u00e9 femmes hommes a d\u00e9montr\u00e9 que cette derni\u00e8re est tributaire du combat pour la d\u00e9mocratie et les progr\u00e8s en mati\u00e8re de d\u00e9veloppement. Les \u00e9normes d\u00e9fis que pose la probl\u00e9matique des droits des femmes au Maroc n\u00e9cessite son inscription dans une vision plus large et appelle une prise de conscience qui capitalise sur les le\u00e7ons des diff\u00e9rentes exp\u00e9riences pr\u00e9c\u00e9dentes.<\/p>\n<p>[\/vc_column_text][vc_column_text]<\/p>\n<h2 style=\"text-align: center;\"><strong>Br\u00e8ve histoire du d\u00e9veloppement.\u00c9volution, critique et d\u00e9passement<\/strong><\/h2>\n<p style=\"text-align: center;\"><strong>Reda Benkirane<\/strong><\/p>\n<p style=\"text-align: center;\">La notion de d\u00e9veloppement est intimement li\u00e9e \u00e0 la modernisation et \u00e0 l\u2019\u00e9dification d\u2019\u00c9tats-nations,eux-m\u00eames en comp\u00e9tition pour la croissance \u00e9conomique et l\u2019octroi de puissance g\u00e9opolitique qu\u2019elle conf\u00e8re. Depuis deux si\u00e8cles, le d\u00e9veloppement a eu diff\u00e9rentes significations, au fur et \u00e0 mesure qu\u2019ils\u2019est d\u00e9ploy\u00e9 et g\u00e9n\u00e9ralis\u00e9, et que ses cons\u00e9quences imm\u00e9diates sur les soci\u00e9t\u00e9s et l\u2019environnement se sont manifest\u00e9es. Une br\u00e8ve histoire du d\u00e9veloppement permet d\u2019appr\u00e9hender l\u2019\u00e9volution de cette notion de frappe occidentale, sa critique par diverses institutions et th\u00e9ories sp\u00e9cialis\u00e9es et son d\u00e9passement \u00e0 l\u2019heure de l\u2019\u00ab alerte rouge pour l&rsquo;humanit\u00e9 \u00bb signal\u00e9e par les rapports successifs sur le r\u00e9chauffement climatique d\u2019origine humaine et les cons\u00e9quences catastrophiques qui se font d\u00e9j\u00e0 voir un peu partout\u00a0: augmentation de la temp\u00e9rature moyenne,d\u00e9multiplication des cataclysmes naturels, rar\u00e9faction des ressources naturelles, \u00e9talement du continent plastique au sein des oc\u00e9ans,\u00a0 \u00e9l\u00e9vation du niveau de la mer, disparition de territoires insulaires, in\u00e9galit\u00e9s fractales et migrations de populations. A l\u2019\u00e9chelle mondiale, le d\u00e9fi n\u2019est plus tant d\u2019opter pour d\u2019autres mod\u00e8les de d\u00e9veloppement, mais de trouver une alternative viable au d\u00e9veloppement, \u00e0 la croissance et aux excroissances engendr\u00e9es par le primat \u00e9conomique \u2013 libre-\u00e9change et laisser-faire \u2013, la marchandisation et la consommation infinie.<\/p>\n<p>&nbsp;<\/p>\n<h2 style=\"text-align: center;\"><strong>\u00a0\u0627\u0644\u062a\u0646\u0645\u064a\u0629 \u0627\u0644\u0633\u064a\u0627\u0633\u064a\u0629 \u0623\u0633\u0627\u0633 \u0627\u0644\u062a\u0646\u0645\u064a\u0629 \u0627\u0644\u0634\u0627\u0645\u0644\u0629 : \u0627\u0637\u0644\u0627\u0644\u0629 \u0639\u0644\u0649 \u0627\u0644\u0631\u0624\u064a\u0629 \u0627\u0644\u062a\u0646\u0645\u0648\u064a\u0629 \u0644\u062f\u0649 \u0645\u062d\u0645\u062f \u0628\u0646 \u0627\u0644\u062d\u0633\u0646 \u0627\u0644\u0648\u0632\u0627\u0646\u064a<\/strong><\/h2>\n<p style=\"text-align: center;\"><strong>\u00a0 \u0645\u062d\u0645\u062f \u0645\u0639\u0631\u0648\u0641 \u0627\u0644\u062f\u0641\u0627\u0644\u064a<\/strong><\/p>\n<p style=\"text-align: center;\">\u064a\u0647\u062a\u0645 \u0627\u0644\u0645\u0648\u0636\u0648\u0639 \u0628\u0627\u062e\u062a\u0644\u0627\u0641 \u0627\u0644\u0627\u0642\u0637\u0627\u0628 \u0627\u0644\u0631\u0626\u064a\u0633\u064a\u0647 \u0644\u0644\u062d\u0631\u0643\u0629 \u0627\u0644\u0648\u0637\u0646\u064a\u0629 \u0641\u064a \u0627\u0644\u0639\u0642\u062f\u064a\u0646 \u0627\u0644\u0623\u0648\u0644\u064a\u0646 \u0644\u0639\u0647\u062f \u0627\u0644\u0627\u0633\u062a\u0642\u0644\u0627\u0644 \u062d\u0648\u0644 \u0627\u0644\u0648\u0633\u0627\u0626\u0644\u00a0 \u0648\u0627\u0644\u0639\u0645\u0644\u064a\u0627\u062a \u0627\u0644\u062a\u0646\u0645\u0648\u064a\u0629 \u0627\u0644\u0642\u0627\u062f\u0631\u0629 \u0639\u0644\u0649 \u0645\u0648\u0627\u062c\u0647\u0629 \u0627\u0644\u062a\u062d\u062f\u064a\u0627\u062a \u0627\u0644\u062c\u062f\u064a\u062f\u0629 \u0644\u0644\u0645\u063a\u0631\u0628 \u0627\u0644\u0645\u0633\u062a\u0642\u0644 \u0648\u062a\u062d\u0636\u064a\u0631\u0647 \u0644\u0644\u0645\u0633\u062a\u0642\u0628\u0644 . \u0648\u0628\u0645\u062d\u0627\u0648\u0631\u0629 \u0627\u0642\u062a\u0631\u0627\u062d \u0645\u062d\u0645\u062f \u0628\u0646 \u0627\u0644\u062d\u0633\u0646 \u0627\u0644\u0648\u0632\u0627\u0646\u064a \u0627\u0646\u0637\u0644\u0627\u0642\u0627 \u0645\u0646 \u0642\u0646\u0627\u0639\u0627\u062a\u0647 \u0627\u0644\u0644\u064a\u0628\u0631\u0627\u0644\u064a\u0629 \u060c \u0627\u0633\u062a\u0631\u0627\u062a\u064a\u062c\u064a\u0629 \u0627\u0644\u0627\u0639\u062a\u0645\u0627\u062f \u0639\u0644\u0649 \u0628\u0646\u0627\u0621 \u0627\u0644\u0645\u0624\u0633\u0633\u0627\u062a \u0627\u0644\u062f\u064a\u0645\u0642\u0631\u0627\u0637\u064a\u0629 \u060c \u0625\u064a\u0645\u0627\u0646\u0627 \u0645\u0646\u0647 \u0628\u0627\u0648\u0644\u0648\u064a\u0629 \u0627\u0644\u062a\u0646\u0645\u064a\u0629 \u0627\u0644\u0633\u064a\u0627\u0633\u064a\u0629 \u060c \u0648\u0628\u0642\u062f\u0631\u062a\u0647\u0627\u0639\u0644\u0649 \u0641\u062a\u062d \u0627\u0644\u0645\u062c\u0627\u0644 \u0644\u063a\u064a\u0631\u0647\u0627 \u060c \u0645\u0646 \u062a\u0646\u0645\u064a\u0629 \u0627\u0642\u062a\u0635\u0627\u062f\u064a\u0629 \u0648\u0627\u062c\u062a\u0645\u0627\u0639\u064a\u0629 \u060c \u0648\u0643\u0630\u0627 \u062f\u0648\u0631\u0647\u0627 \u0641\u064a \u0627\u0644\u0627\u0646\u0641\u062a\u0627\u062d \u0639\u0644\u0649 \u0645\u062f\u0627\u062e\u0644 \u0627\u0644\u062d\u062f\u0627\u062b\u0629 .\u0648\u0627\u0644\u0645\u0639\u0627\u0635\u0631\u0629<\/p>\n<p>[\/vc_column_text][\/vc_tta_section][vc_tta_section title=\u00a0\u00bbVid\u00e9o \u00a0\u00bb tab_id=\u00a0\u00bb1633962095401-b20ecb37-4f78&Prime;][vc_video link=\u00a0\u00bbhttps:\/\/youtu.be\/fgnTa4jF450&Prime; title=\u00a0\u00bbD\u00e9mocratie et D\u00e9veloppement au Maroc : Potentialit\u00e9s et Limites\u00a0\u00bb][\/vc_tta_section][\/vc_tta_tabs][\/vc_column][\/vc_row]<\/p>\n<\/div>","protected":false},"excerpt":{"rendered":"<p>[vc_row][vc_column][vc_tta_tabs][vc_tta_section title=\u00a0\u00bbPr\u00e9sentation\u00a0\u00bb tab_id=\u00a0\u00bb1459958412083-252f22b3-80ae\u00a0\u00bb][vc_row_inner][vc_column_inner width=\u00a0\u00bb1\/2&Prime;][vc_column_text][\/vc_column_text][vc_column_text][\/vc_column_text][vc_empty_space][\/vc_column_inner][vc_column_inner width=\u00a0\u00bb1\/2&Prime;][vc_column_text] Mesdames, Messieurs, Chers Membres En r\u00e9f\u00e9rence aux id\u00e9es de Mohamed Hassan Ouazzani, \u00e0 l\u2019occasion de la 42\u00e8me\u00a0comm\u00e9moration de son d\u00e9c\u00e8s (1910-1978) et \u00e0 l\u2019occasion de la Journ\u00e9e Internationale de la D\u00e9mocratie,\u00a0le Centre a organis\u00e9 une visioconf\u00e9rence intitul\u00e9e\u00a0: D\u00e9mocratie et D\u00e9veloppement au Maroc : Potentialit\u00e9s et Limites Samedi 02 Octobre 2021 [&hellip;]<\/p>\n","protected":false},"author":1,"featured_media":9777,"comment_status":"open","ping_status":"open","sticky":false,"template":"","format":"standard","meta":[],"categories":[1,61],"tags":[],"_links":{"self":[{"href":"https:\/\/mohamedhassanouazzani.org\/index.php?rest_route=\/wp\/v2\/posts\/9743"}],"collection":[{"href":"https:\/\/mohamedhassanouazzani.org\/index.php?rest_route=\/wp\/v2\/posts"}],"about":[{"href":"https:\/\/mohamedhassanouazzani.org\/index.php?rest_route=\/wp\/v2\/types\/post"}],"author":[{"embeddable":true,"href":"https:\/\/mohamedhassanouazzani.org\/index.php?rest_route=\/wp\/v2\/users\/1"}],"replies":[{"embeddable":true,"href":"https:\/\/mohamedhassanouazzani.org\/index.php?rest_route=%2Fwp%2Fv2%2Fcomments&post=9743"}],"version-history":[{"count":18,"href":"https:\/\/mohamedhassanouazzani.org\/index.php?rest_route=\/wp\/v2\/posts\/9743\/revisions"}],"predecessor-version":[{"id":9798,"href":"https:\/\/mohamedhassanouazzani.org\/index.php?rest_route=\/wp\/v2\/posts\/9743\/revisions\/9798"}],"wp:featuredmedia":[{"embeddable":true,"href":"https:\/\/mohamedhassanouazzani.org\/index.php?rest_route=\/wp\/v2\/media\/9777"}],"wp:attachment":[{"href":"https:\/\/mohamedhassanouazzani.org\/index.php?rest_route=%2Fwp%2Fv2%2Fmedia&parent=9743"}],"wp:term":[{"taxonomy":"category","embeddable":true,"href":"https:\/\/mohamedhassanouazzani.org\/index.php?rest_route=%2Fwp%2Fv2%2Fcategories&post=9743"},{"taxonomy":"post_tag","embeddable":true,"href":"https:\/\/mohamedhassanouazzani.org\/index.php?rest_route=%2Fwp%2Fv2%2Ftags&post=9743"}],"curies":[{"name":"wp","href":"https:\/\/api.w.org\/{rel}","templated":true}]}}