{"id":8932,"date":"2020-06-19T14:04:18","date_gmt":"2020-06-19T13:04:18","guid":{"rendered":"http:\/\/mohamedhassanouazzani.org\/?p=8932"},"modified":"2020-07-16T11:14:59","modified_gmt":"2020-07-16T10:14:59","slug":"coronavirus-une-analyse-de-reda-benkirane","status":"publish","type":"post","link":"https:\/\/mohamedhassanouazzani.org\/?p=8932","title":{"rendered":"Coronavirus: une analyse de Reda Benkirane"},"content":{"rendered":"<div class=\"wpb-content-wrapper\"><p>[vc_row][vc_column][vc_tta_tabs][vc_tta_section title=\u00a0\u00bbCoronavirus, couronnement des soci\u00e9t\u00e9s s\u00e9curitaires\u00a0\u00bb tab_id=\u00a0\u00bb1451151562251-1ce0c959-e22f\u00a0\u00bb][vc_column_text]<\/p>\n<h2 style=\"text-align: center;\"><strong>Coronavirus, couronnement des soci\u00e9t\u00e9s s\u00e9curitaires<\/strong><\/h2>\n<h3 style=\"text-align: center;\"><strong>Politis, 12 juin 2020<\/strong><br \/>\n&lt;<a href=\"https:\/\/www.politis.fr\/articles\/2020\/06\/coronavirus-couronnement-des-societes-securitaires-42024\/\">https:\/\/www.politis.fr\/articles\/2020\/06\/coronavirus-couronnement-des-societes-securitaires-42024\/<\/a>&gt;<\/h3>\n<h4 style=\"text-align: left;\">La crise sanitaire provoqu\u00e9e par la pand\u00e9mie du Covid19 s\u2019inscrit dans une s\u00e9rie d\u2019\u00e9v\u00e9nements d\u2019ampleur plan\u00e9taire ayant g\u00e9n\u00e9r\u00e9 un \u00e9tat de choc et de sid\u00e9ration \u2013 du 11 septembre 2001 aux r\u00e9voltes sociales de 2011-2019 en passant par l\u2019effondrement financier de 2008 et l\u2019accident nucl\u00e9aire de Fukushima de 2011. Malgr\u00e9 toute l\u2019incertitude g\u00e9n\u00e9r\u00e9e par le Covid19, il est probable que son principal dommage collat\u00e9ral soit la citoyennet\u00e9 et quesa retomb\u00e9e politique consacre un processus continu de recul des libert\u00e9s individuelles. Covid19 est le nom d\u2019un virus mais aussi d\u2019un catalyseur ayant pr\u00e9cipit\u00e9 un m\u00e9gacontr\u00f4le des populations \u00e0 l\u2019\u00e9chelle plan\u00e9taire.<\/h4>\n<h4 style=\"text-align: left;\">Si l\u2019on situe cette pand\u00e9mie dans une s\u00e9rie r\u00e9cente de crises sanitaires, du VIH\/sida au H1N1, force est de constater que c\u2019est moins la pand\u00e9mie elle-m\u00eame, que le confinement et ses cons\u00e9quences qui donnent \u00e0 cette crise sa singularit\u00e9 et son niveau de complexit\u00e9. Nous sommes ramen\u00e9s \u00e0 la politique et la g\u00e9opolitique de cette pand\u00e9mie, ce qui n\u2019est pas sans rappeler ce qui s\u2019est pass\u00e9 avec la menace terroriste. Le Covid19 est pr\u00e9sent\u00e9 comme un mal extr\u00eame et foudroyant contre lequel il s\u2019est agi d\u2019engager une \u00ab guerre\u00a0\u00bb, sans donner la moindre \u00ab\u00a0arme\u00a0\u00bb de d\u00e9fense, ni produire le moindre masque de protection aux populations confin\u00e9es. Tout compte fait, le confinement \u00e0 demeure et sans protection v\u00e9ritable, ne change pas fondamentalement des mises en quarantaine de l\u2019\u00e9poque m\u00e9di\u00e9vale. Dans cette perspective, on ne peut que constater la fragilit\u00e9 av\u00e9r\u00e9e des syst\u00e8mes de sant\u00e9 des pays les plus riches, l\u00e0 o\u00f9 les co\u00fbts explosent et o\u00f9 le manque d\u2019\u00e9quipement, le d\u00e9bordement des infrastructures hospitali\u00e8res et le nombre de morts sont les plus spectaculaires. Le classement des mortalit\u00e9s par pays inverse le classement mondial des pays les plus avanc\u00e9s socio-\u00e9conomiquement. Dans le nouveau syst\u00e8me mondial post-occidental marqu\u00e9 par un effondrement de leadership, les \u00c9tats-Unis sont le grand malade de cette crise, suivis par les pays europ\u00e9ens les plus touch\u00e9s.\u00a0 Mais \u00e0 peu pr\u00e8s partout \u2013 \u00e0 l\u2019exception notable de pays comme la Su\u00e8de, la Hollande, l\u2019Allemagne et la Suisse \u2013\u00a0 une politique autoritaire de la pand\u00e9mie s\u2019est mise en place.\u00a0 Ce virus a, dans la plupart des pays, min\u00e9 la citoyennet\u00e9 et, pour nombre de dirigeants autocrates, s\u2019est r\u00e9v\u00e9l\u00e9 une opportunit\u00e9 de gagner une cr\u00e9dibilit\u00e9, quand leur \u00ab\u00a0main de fer\u00a0\u00bb fut particuli\u00e8rement appr\u00e9ci\u00e9e dans l\u2019imposition du confinement.\u00a0 S\u2019en sont suivies dans divers pays des violences polici\u00e8res d\u00fbment r\u00e9pertori\u00e9es, film\u00e9es sur les r\u00e9seaux sociaux et rest\u00e9es impunies, des arrestations abusives et m\u00eame des ex\u00e9cutions sommaires touchant les jeunes des quartiers d\u00e9favoris\u00e9s.<\/h4>\n<h4 style=\"text-align: left;\">Dans <em>Surveiller et punir<\/em> (1975), Michel Foucault montrait comment les <em>soci\u00e9t\u00e9s disciplinaires<\/em> furent mises au point, \u00e0 partir de la \u00ab\u00a0quarantaine sociale\u00a0\u00bb instaur\u00e9e lors d\u2019\u00e9pid\u00e9mies de peste. Du XVIe au XIXe si\u00e8cle, toutes sortes de quadrillage, contr\u00f4le, mesure et dressage d\u2019\u00ab\u00a0individus dociles et utiles\u00a0\u00bb virent le jour dans une logique et des milieux d\u2019enfermement g\u00e9n\u00e9ralis\u00e9\u00a0: h\u00f4pital, arm\u00e9e, usine, \u00e9cole, internat, prison. Le perfectionnement de ces soci\u00e9t\u00e9s culmine dans l\u2019architecture du <em>panoptique<\/em>, permettant de voir sans \u00eatre vu pour une surveillance automatique des individus. Gilles Deleuze, quant \u00e0 lui, avait annonc\u00e9 d\u00e8s 1987 l\u2019av\u00e8nement des <em>soci\u00e9t\u00e9s de contr\u00f4le<\/em> o\u00f9, pour l\u2019essentiel, la communication et l\u2019information ne font circuler que des \u00ab\u00a0mots d\u2019ordre\u00a0\u00bb. Il pressentit que \u00ab\u00a0ceux qui veillent \u00e0 notre bien n\u2019ont plus besoin de milieux d\u2019enfermement\u00a0\u00bb, puisque tout peut \u00eatre d\u00e9sormais sous contr\u00f4le en milieu ouvert. Or, apr\u00e8s la discipline et le contr\u00f4le, voici venu le temps des <em>soci\u00e9t\u00e9s s\u00e9curitaires<\/em> fonctionnant sur le m\u00e9gacontr\u00f4le, la t\u00e9l\u00e9-surveillance et la t\u00e9l\u00e9-commande du plus grand nombre. Au XXIe si\u00e8cle, la s\u00e9curit\u00e9 tient lieu de politique nationale et internationale, de vision globale et panoptique, ses m\u00e9tiers et ses dispositifs se r\u00e9pandent et son cursus s\u2019impose dans les sciences humaines et sociales. Mais la s\u00e9curit\u00e9 n\u2019est que l\u2019autre nom de la police, le renseignement, l\u2019autre versant de l\u2019information. S\u00e9curit\u00e9 et ins\u00e9curit\u00e9 s\u2019\u00e9quivalent dans un syst\u00e8me de gouvernement diffusant et impr\u00e9gnant la peur des risques viraux (terrorisme, radicalisation, islamisme, migrants, r\u00e9fugi\u00e9s&#8230;) Aujourd\u2019hui, s\u00e9curiser, co\u00fbte que co\u00fbte, est la premi\u00e8re des priorit\u00e9s, elle a pr\u00e9c\u00e9dence sur la prosp\u00e9rit\u00e9, la viabilit\u00e9, la solidarit\u00e9, la libert\u00e9, le d\u00e9veloppement et les droits humains. L\u2019heuristique de la peur permet de court-circuiter la concertation citoyenne sans jamais devoir pr\u00e9senter de bilan comptable sur l\u2019\u00e9conomie politique de ses \u00ab\u00a0guerres\u00a0\u00bb, sur ses erreurs strat\u00e9giques, ses dommages collat\u00e9raux et sa c\u00e9cit\u00e9 empirique.<\/h4>\n<h4 style=\"text-align: left;\">La mobilisation contre cet \u00e9ni\u00e8me ennemi viral est une r\u00e9p\u00e9tition g\u00e9n\u00e9rale ayant permis la mise en place de dispositifs visant \u00e0 pister les moindres faits et gestes, chaque contact d\u2019un individu. D\u00e9poss\u00e9d\u00e9s par les quatre ou cinq g\u00e9ants du num\u00e9rique des donn\u00e9es qu\u2019ils produisent au quotidien, les citoyens voient maintenant les informations relatives \u00e0 leur \u00e9tat de sant\u00e9, \u00e0 leurs maladies chroniques et\/ou cong\u00e9nitales, devenir l\u2019enjeu d\u2019une nouvelle captation. Nos donn\u00e9es nous espionnent et nous contraignent. Big Pharma et Big Data \u0153uvrent de concert \u00e0 une d\u00e9possession programm\u00e9e pour exploiter ainsi des gisements qui s\u2019en vont accro\u00eetre encore l\u2019enrichissement colossal du plus petit nombre. Bienvenue dans le monde r\u00e9el o\u00f9 1% des individus d\u00e9tient plus que 90% de la population mondiale (rapport 2020 de l\u2019ONG Oxfam). Les crises du futur, plus s\u00e9v\u00e8res, pourraient effacer la citoyennet\u00e9 au d\u00e9triment d\u2019une automatisation mentale et comportementale des agents humains o\u00f9, au nom de la s\u00e9curit\u00e9, penser, diverger, protester, r\u00e9sister seraient bannis et r\u00e9prim\u00e9s sans merci. Assange, Snowden et les lanceurs d\u2019alerte sont les pestif\u00e9r\u00e9s de ces soci\u00e9t\u00e9s s\u00e9curitaires o\u00f9 les hommes finissent par \u00eatre des insectes sociaux comme les autres. S\u00e9curit\u00e9, m\u00e9gacontr\u00f4le et t\u00e9l\u00e9-surveillance de masse imposent et maintiennent la confusion l\u00e0 o\u00f9 Rousseau, dans <em>Du contrat social<\/em> (1762), \u00e9tablissait \u00ab\u00a0une grande diff\u00e9rence entre soumettre une multitude et r\u00e9gir une soci\u00e9t\u00e9\u00a0\u00bb.<\/h4>\n<h4 style=\"text-align: left;\"><\/h4>\n<h4 style=\"text-align: right;\">R\u00e9da Benkirane*<\/h4>\n<h5 style=\"text-align: left;\">* Sociologue, auteur notamment du rapport aux Nations Unies, <em>Radicalisation, violence et (in)s\u00e9curit\u00e9 au Sahel<\/em> (HD\/PNUD 2016, URL\u00a0: <a href=\"http:\/\/sahelradical.hypotheses.org\">http:\/\/sahelradical.hypotheses.org<\/a>).<\/h5>\n<p>[\/vc_column_text][\/vc_tta_section][vc_tta_section title=\u00a0\u00bb\u0633\u064a\u0627\u0633\u0629 \u0627\u0644\u0648\u0628\u0627\u0621 \u0641\u064a \u0639\u0647\u062f \u0627\u0644\u0645\u062c\u062a\u0645\u0639\u0627\u062a \u0627\u0644\u0623\u0645\u0646\u064a\u0629\u00a0\u00bb tab_id=\u00a0\u00bb1459958412083-252f22b3-80ae\u00a0\u00bb][vc_row_inner el_id=\u00a0\u00bbar\u00a0\u00bb][vc_column_inner el_id=\u00a0\u00bbar\u00a0\u00bb][vc_column_text el_id=\u00a0\u00bbar\u00a0\u00bb]<\/p>\n<h2 style=\"text-align: center;\"><strong>\u0633\u064a\u0627\u0633\u0629 \u0627\u0644\u0648\u0628\u0627\u0621 \u0641\u064a \u0639\u0647\u062f \u0627\u0644\u0645\u062c\u062a\u0645\u0639\u0627\u062a \u0627\u0644\u0623\u0645\u0646\u064a\u0629<\/strong><\/h2>\n<h4 style=\"text-align: right;\"><strong>\u060c<\/strong><strong>\u0631\u0636\u0627 \u0628\u0646\u0643\u064a\u0631\u0627\u0646\u060c \u0639\u0627\u0644\u0645 \u0627\u062c\u062a\u0645\u0627\u0639\u060c \u0628\u0627\u062d\u062b \u0628\u0645\u0639\u0647\u062f \u0627\u0644\u062f\u0631\u0627\u0633\u0627\u062a \u0627\u0644\u0639\u0644\u064a\u0627 \u0627\u0644\u062f\u0648\u0644\u064a\u0629 \u0648\u0627\u0644\u062a\u0646\u0645\u064a\u0629 \u062c\u0646\u064a\u0641\u060c \u0633\u0648\u064a\u0633\u0631\u0627<\/strong><\/h4>\n<h4 style=\"text-align: right;\"><strong>\u00ab\u00a0\u0648\u0647\u0648 \u0645\u0624\u0644\u0641 \u062a\u0642\u0631\u064a\u0631 \u0627\u0644\u0623\u0645\u0645 \u0627\u0644\u0645\u062a\u062d\u062f\u0629\u060c \u00ab\u00a0\u0627\u0644\u062a\u0637\u0631\u0641\u060c \u0627\u0644\u0639\u0646\u0641 \u0648(\u0627\u0644\u0644\u0627)\u00a0<\/strong><strong>\u0627\u0644\u0623\u0645\u0646 \u0641\u064a \u0645\u0646\u0637\u0642\u0629 \u0627\u0644\u0633\u0627\u062d\u0644<\/strong><\/h4>\n<h4 style=\"text-align: right;\"><strong>.(HD \/ PNUD 2016)<\/strong><strong><span style=\"font-size: 16px;\">\u00a0<\/span><\/strong><\/h4>\n<h4 style=\"text-align: left;\"><strong>R\u00e9da Benkirane, \u00ab\u00a0Coronavirus, couronnement des soci\u00e9t\u00e9s s\u00e9curitaires\u00a0\u00bb, <em>Politis<\/em>, 12 juin 2020\u00a0: &lt;<a href=\"https:\/\/www.politis.fr\/articles\/2020\/06\/coronavirus-couronnement-des-societes-securitaires-42024\/\">https:\/\/www.politis.fr\/articles\/2020\/06\/coronavirus-couronnement-des-societes-securitaires-42024\/<\/a>&gt;<\/strong><\/h4>\n<p>&nbsp;<\/p>\n<h4 style=\"text-align: right;\"><strong>\u00a0(<a href=\"mailto:SoufienChinig@gmail.com\">SoufienChinig@gmail.com<\/a>)\u00a0 \u00a0\u062a\u0631\u062c\u0645\u0629: \u0633\u0641\u064a\u0627\u0646 \u0634\u0646\u064a\u0643<\/strong><br \/>\n<strong>\u0637\u0627\u0644\u0628 \u0628\u0627\u062d\u062b \u0628\u0627\u0644\u0623\u0646\u062b\u0631\u0628\u0648\u0644\u0648\u062c\u064a\u0627 \u0648\u0627\u0644\u0633\u0648\u0633\u064a\u0648\u0644\u0648\u062c\u064a\u0627<\/strong><\/h4>\n<p>&nbsp;<\/p>\n<h4 style=\"text-align: right;\"><a href=\"http:\/\/mohamedhassanouazzani.org\/wp-content\/uploads\/2020\/06\/IMG_0144.jpeg\"><img loading=\"lazy\" class=\"alignnone wp-image-8971 size-full\" src=\"http:\/\/mohamedhassanouazzani.org\/wp-content\/uploads\/2020\/06\/IMG_0144.jpeg\" alt=\"\" width=\"1242\" height=\"816\" srcset=\"https:\/\/mohamedhassanouazzani.org\/wp-content\/uploads\/2020\/06\/IMG_0144.jpeg 1242w, https:\/\/mohamedhassanouazzani.org\/wp-content\/uploads\/2020\/06\/IMG_0144-300x197.jpeg 300w, https:\/\/mohamedhassanouazzani.org\/wp-content\/uploads\/2020\/06\/IMG_0144-768x505.jpeg 768w, https:\/\/mohamedhassanouazzani.org\/wp-content\/uploads\/2020\/06\/IMG_0144-1024x673.jpeg 1024w, https:\/\/mohamedhassanouazzani.org\/wp-content\/uploads\/2020\/06\/IMG_0144-600x394.jpeg 600w\" sizes=\"(max-width: 1242px) 100vw, 1242px\" \/><\/a><a href=\"http:\/\/mohamedhassanouazzani.org\/wp-content\/uploads\/2020\/06\/IMG_0145-1.jpeg\"><img loading=\"lazy\" class=\"alignnone wp-image-8970 size-full\" src=\"http:\/\/mohamedhassanouazzani.org\/wp-content\/uploads\/2020\/06\/IMG_0145-1.jpeg\" alt=\"\" width=\"1242\" height=\"1414\" srcset=\"https:\/\/mohamedhassanouazzani.org\/wp-content\/uploads\/2020\/06\/IMG_0145-1.jpeg 1242w, https:\/\/mohamedhassanouazzani.org\/wp-content\/uploads\/2020\/06\/IMG_0145-1-264x300.jpeg 264w, https:\/\/mohamedhassanouazzani.org\/wp-content\/uploads\/2020\/06\/IMG_0145-1-768x874.jpeg 768w, https:\/\/mohamedhassanouazzani.org\/wp-content\/uploads\/2020\/06\/IMG_0145-1-899x1024.jpeg 899w, https:\/\/mohamedhassanouazzani.org\/wp-content\/uploads\/2020\/06\/IMG_0145-1-600x683.jpeg 600w\" sizes=\"(max-width: 1242px) 100vw, 1242px\" \/><\/a><a href=\"http:\/\/mohamedhassanouazzani.org\/wp-content\/uploads\/2020\/06\/IMG_0146.jpeg\"><img loading=\"lazy\" class=\"alignnone wp-image-8969 size-full\" src=\"http:\/\/mohamedhassanouazzani.org\/wp-content\/uploads\/2020\/06\/IMG_0146.jpeg\" alt=\"\" width=\"1242\" height=\"1439\" srcset=\"https:\/\/mohamedhassanouazzani.org\/wp-content\/uploads\/2020\/06\/IMG_0146.jpeg 1242w, https:\/\/mohamedhassanouazzani.org\/wp-content\/uploads\/2020\/06\/IMG_0146-259x300.jpeg 259w, https:\/\/mohamedhassanouazzani.org\/wp-content\/uploads\/2020\/06\/IMG_0146-768x890.jpeg 768w, https:\/\/mohamedhassanouazzani.org\/wp-content\/uploads\/2020\/06\/IMG_0146-884x1024.jpeg 884w, https:\/\/mohamedhassanouazzani.org\/wp-content\/uploads\/2020\/06\/IMG_0146-600x695.jpeg 600w\" sizes=\"(max-width: 1242px) 100vw, 1242px\" \/><\/a><\/h4>\n<h4 style=\"text-align: right;\"><\/h4>\n<h4 style=\"text-align: right;\"><\/h4>\n<h4 style=\"text-align: right;\"><\/h4>\n<h4 style=\"text-align: right;\"><\/h4>\n<h4 style=\"text-align: right;\"><\/h4>\n<h4 style=\"text-align: right;\"><\/h4>\n<p>[\/vc_column_text][\/vc_column_inner][\/vc_row_inner][\/vc_tta_section][\/vc_tta_tabs][\/vc_column][\/vc_row]<\/p>\n<\/div>","protected":false},"excerpt":{"rendered":"<p>[vc_row][vc_column][vc_tta_tabs][vc_tta_section title=\u00a0\u00bbCoronavirus, couronnement des soci\u00e9t\u00e9s s\u00e9curitaires\u00a0\u00bb tab_id=\u00a0\u00bb1451151562251-1ce0c959-e22f\u00a0\u00bb][vc_column_text] Coronavirus, couronnement des soci\u00e9t\u00e9s s\u00e9curitaires Politis, 12 juin 2020 &lt;https:\/\/www.politis.fr\/articles\/2020\/06\/coronavirus-couronnement-des-societes-securitaires-42024\/&gt; La crise sanitaire provoqu\u00e9e par la pand\u00e9mie du Covid19 s\u2019inscrit dans une s\u00e9rie d\u2019\u00e9v\u00e9nements d\u2019ampleur plan\u00e9taire ayant g\u00e9n\u00e9r\u00e9 un \u00e9tat de choc et de sid\u00e9ration \u2013 du 11 septembre 2001 aux r\u00e9voltes sociales de 2011-2019 en passant par [&hellip;]<\/p>\n","protected":false},"author":1,"featured_media":8941,"comment_status":"open","ping_status":"open","sticky":false,"template":"","format":"standard","meta":[],"categories":[1],"tags":[],"_links":{"self":[{"href":"https:\/\/mohamedhassanouazzani.org\/index.php?rest_route=\/wp\/v2\/posts\/8932"}],"collection":[{"href":"https:\/\/mohamedhassanouazzani.org\/index.php?rest_route=\/wp\/v2\/posts"}],"about":[{"href":"https:\/\/mohamedhassanouazzani.org\/index.php?rest_route=\/wp\/v2\/types\/post"}],"author":[{"embeddable":true,"href":"https:\/\/mohamedhassanouazzani.org\/index.php?rest_route=\/wp\/v2\/users\/1"}],"replies":[{"embeddable":true,"href":"https:\/\/mohamedhassanouazzani.org\/index.php?rest_route=%2Fwp%2Fv2%2Fcomments&post=8932"}],"version-history":[{"count":26,"href":"https:\/\/mohamedhassanouazzani.org\/index.php?rest_route=\/wp\/v2\/posts\/8932\/revisions"}],"predecessor-version":[{"id":8985,"href":"https:\/\/mohamedhassanouazzani.org\/index.php?rest_route=\/wp\/v2\/posts\/8932\/revisions\/8985"}],"wp:featuredmedia":[{"embeddable":true,"href":"https:\/\/mohamedhassanouazzani.org\/index.php?rest_route=\/wp\/v2\/media\/8941"}],"wp:attachment":[{"href":"https:\/\/mohamedhassanouazzani.org\/index.php?rest_route=%2Fwp%2Fv2%2Fmedia&parent=8932"}],"wp:term":[{"taxonomy":"category","embeddable":true,"href":"https:\/\/mohamedhassanouazzani.org\/index.php?rest_route=%2Fwp%2Fv2%2Fcategories&post=8932"},{"taxonomy":"post_tag","embeddable":true,"href":"https:\/\/mohamedhassanouazzani.org\/index.php?rest_route=%2Fwp%2Fv2%2Ftags&post=8932"}],"curies":[{"name":"wp","href":"https:\/\/api.w.org\/{rel}","templated":true}]}}