{"id":8478,"date":"2019-12-03T15:02:55","date_gmt":"2019-12-03T14:02:55","guid":{"rendered":"http:\/\/mohamedhassanouazzani.org\/?p=8478"},"modified":"2019-12-23T17:33:43","modified_gmt":"2019-12-23T16:33:43","slug":"histoire-des-mathematiques-et-leurs-interactions-avec-les-autres-sciences","status":"publish","type":"post","link":"https:\/\/mohamedhassanouazzani.org\/?p=8478","title":{"rendered":"Histoire des math\u00e9matiques et leurs interactions avec les autres sciences"},"content":{"rendered":"<div class=\"wpb-content-wrapper\"><p>[vc_row][vc_column][vc_tta_tabs active_section=\u00a0\u00bb1&Prime;][vc_tta_section title=\u00a0\u00bbPr\u00e9sentation\u00a0\u00bb tab_id=\u00a0\u00bb1459958412083-252f22b3-80ae\u00a0\u00bb][vc_row_inner][vc_column_inner width=\u00a0\u00bb1\/2&Prime;][vc_column_text]<\/p>\n<p style=\"text-align: center;\"><a href=\"http:\/\/mohamedhassanouazzani.org\/wp-content\/uploads\/2019\/12\/0001.jpg\"><img loading=\"lazy\" class=\"wp-image-8479 size-full aligncenter\" src=\"http:\/\/mohamedhassanouazzani.org\/wp-content\/uploads\/2019\/12\/0001.jpg\" alt=\"\" width=\"2481\" height=\"3508\" srcset=\"https:\/\/mohamedhassanouazzani.org\/wp-content\/uploads\/2019\/12\/0001.jpg 2481w, https:\/\/mohamedhassanouazzani.org\/wp-content\/uploads\/2019\/12\/0001-212x300.jpg 212w, https:\/\/mohamedhassanouazzani.org\/wp-content\/uploads\/2019\/12\/0001-768x1086.jpg 768w, https:\/\/mohamedhassanouazzani.org\/wp-content\/uploads\/2019\/12\/0001-724x1024.jpg 724w, https:\/\/mohamedhassanouazzani.org\/wp-content\/uploads\/2019\/12\/0001-600x848.jpg 600w\" sizes=\"(max-width: 2481px) 100vw, 2481px\" \/><\/a><\/p>\n<p>[\/vc_column_text][\/vc_column_inner][vc_column_inner width=\u00a0\u00bb1\/2&Prime;][vc_empty_space][vc_column_text]<\/p>\n<p style=\"text-align: center;\"><em>Mesdames, Messieurs, Chers membres<\/em><\/p>\n<p style=\"text-align: center;\"><em>Pour sa 9<sup>\u00e8me\u00a0<\/sup><\/em><em>conf\u00e9rence<\/em><em>\u00a0au titre de l\u2019ann\u00e9e 2019, le Centre Mohamed Hassan\u00a0Ouazzani pour la D\u00e9mocratie et le D\u00e9veloppement Humain a eu le plaisir\u00a0d\u2019accueillir, <\/em><\/p>\n<p style=\"text-align: center;\"><strong><em>Monsieur le Professeur Hassan EL AMRI<\/em><\/strong><em>, Professeur d\u2019enseignement sup\u00e9rieur \u00e0 l\u2019\u00c9cole Normale Sup\u00e9rieure de Casablanca<\/em><\/p>\n<p style=\"text-align: center;\"><strong>\u00a0Le jeudi 19 D\u00e9cembre 2019 \u00e0 16h<\/strong><em>\u00a0pour une\u00a0<\/em><em>conf\u00e9rence<\/em><em>\u00a0sous le th\u00e8me :<\/em><\/p>\n<blockquote>\n<h2 style=\"text-align: center;\"><strong><em>\u00ab\u00a0Histoire des math\u00e9matiques et leurs interactions avec les autres sciences\u00a0\u00bb<\/em><\/strong><\/h2>\n<p style=\"text-align: center;\"><em> La conf\u00e9rence a \u00e9t\u00e9 pr\u00e9sid\u00e9e et mod\u00e9r\u00e9e par <strong>Monsieur le<\/strong>\u00a0<strong>Professeur Boujemaa ACHCHAB<\/strong>,\u00a0Professeur d\u2019enseignement sup\u00e9rieur \u00e0 l&rsquo;ENSA de Berrechid.<\/em><\/p>\n<\/blockquote>\n<p style=\"text-align: center;\"><em><i>Nous vous remercions vivement pour votre pr\u00e9sence et pour votre participation au d\u00e9bat qui a suivi<\/i>.<\/em><\/p>\n<p style=\"text-align: center;\"><em>Avec nos meilleures salutations.<\/em><\/p>\n<p style=\"text-align: center;\"><em>\u00a0<\/em><\/p>\n<p>[\/vc_column_text][\/vc_column_inner][\/vc_row_inner][\/vc_tta_section][vc_tta_section title=\u00a0\u00bbParticipants\u00a0\u00bb tab_id=\u00a0\u00bb1451151562251-1ce0c959-e22f\u00a0\u00bb][vc_row_inner][vc_column_inner width=\u00a0\u00bb1\/2&Prime;][vc_column_text css_animation=\u00a0\u00bbnone\u00a0\u00bb]<\/p>\n<p style=\"padding-left: 60px; text-align: center;\"><a href=\"http:\/\/mohamedhassanouazzani.org\/wp-content\/uploads\/2019\/12\/Photo-El-Amri.jpg\"><img loading=\"lazy\" class=\"wp-image-8481 size-medium aligncenter\" src=\"http:\/\/mohamedhassanouazzani.org\/wp-content\/uploads\/2019\/12\/Photo-El-Amri-300x225.jpg\" alt=\"\" width=\"300\" height=\"225\" srcset=\"https:\/\/mohamedhassanouazzani.org\/wp-content\/uploads\/2019\/12\/Photo-El-Amri-300x225.jpg 300w, https:\/\/mohamedhassanouazzani.org\/wp-content\/uploads\/2019\/12\/Photo-El-Amri-768x576.jpg 768w, https:\/\/mohamedhassanouazzani.org\/wp-content\/uploads\/2019\/12\/Photo-El-Amri-1024x768.jpg 1024w, https:\/\/mohamedhassanouazzani.org\/wp-content\/uploads\/2019\/12\/Photo-El-Amri-600x450.jpg 600w, https:\/\/mohamedhassanouazzani.org\/wp-content\/uploads\/2019\/12\/Photo-El-Amri-463x348.jpg 463w\" sizes=\"(max-width: 300px) 100vw, 300px\" \/><\/a><\/p>\n<h2 style=\"text-align: center;\">\u00a0 \u00a0 \u00a0 \u00a0 Conf\u00e9rencier :\u00a0Hassan El AMRI<\/h2>\n<p style=\"text-align: center;\">Docteur d\u2019\u00e9tat en math\u00e9matiques de l\u2019Universit\u00e9 Claude Bernard Lyon 1.<\/p>\n<p style=\"text-align: center;\">Professeur d\u2019Enseignement Sup\u00e9rieur \u00e0 l\u2019\u00c9cole Normale Sup\u00e9rieure de Casablanca &#8211; Sp\u00e9cialit\u00e9\u00a0: Math\u00e9matiques Appliqu\u00e9es.<\/p>\n<p class=\"Textbody\" style=\"margin-bottom: 10pt; line-height: 15.75pt; text-align: center;\">Directeur du Laboratoire de Math\u00e9matiques et Applications (LMA)<\/p>\n<p class=\"Textbody\" style=\"margin-bottom: 10pt; line-height: 15.75pt; text-align: center;\">Responsable du Master d&rsquo;Analyse Num\u00e9rique des \u00c9quations aux D\u00e9riv\u00e9es Partielles (ANEDP)<\/p>\n<p class=\"Textbody\" style=\"margin-bottom: 10pt; line-height: 15.75pt; text-align: center;\">Ex-Pr\u00e9sident de la Soci\u00e9t\u00e9 Marocaine des Math\u00e9matiques Appliqu\u00e9es (SM2A)<\/p>\n<p>[\/vc_column_text][\/vc_column_inner][vc_column_inner width=\u00a0\u00bb1\/2&Prime;][vc_column_text css_animation=\u00a0\u00bbnone\u00a0\u00bb]<\/p>\n<p style=\"padding-left: 60px; text-align: center;\"><a href=\"http:\/\/mohamedhassanouazzani.org\/wp-content\/uploads\/2019\/12\/Nouvelle-image.png\"><img loading=\"lazy\" class=\"alignnone wp-image-8490 \" src=\"http:\/\/mohamedhassanouazzani.org\/wp-content\/uploads\/2019\/12\/Nouvelle-image.png\" alt=\"\" width=\"173\" height=\"233\" \/><\/a><\/p>\n<h2 style=\"text-align: center;\">Pr\u00e9sident :\u00a0Boujem\u00e2a ACHCHAB<\/h2>\n<p style=\"text-align: center;\">Professeur de Math\u00e9matiques Appliqu\u00e9es au d\u00e9partement de g\u00e9nie informatique et math\u00e9matiques de l&rsquo;\u00c9cole Nationale de Sciences Appliqu\u00e9es Berrechid de l&rsquo;Universit\u00e9 Hassan 1<sup>er<\/sup>, et directeur du Laboratoire d&rsquo;Analyse et\u00a0 Mod\u00e9lisation de Syst\u00e8mes d&rsquo;Aide \u00e0 la D\u00e9cision. Il est \u00e9galement responsable d\u2019une fili\u00e8re d\u2019ing\u00e9nieur orient\u00e9e Ing\u00e9nierie des donn\u00e9es. Il a obtenu son doctorat en math\u00e9matiques appliqu\u00e9es en 1995 de l\u2019Universit\u00e9 de Lyon1, en France. Il a\u00a0 encadr\u00e9 18 doctorats soutenues et a publi\u00e9 une soixantaine d&rsquo;articles dans des journaux internationaux index\u00e9s. Ses recherches portent sur l&rsquo;analyse num\u00e9rique et l\u2019usage des math\u00e9matiques pour l\u2019aide \u00e0 la d\u00e9cision. Il est actuellement le vice-pr\u00e9sident de la Soci\u00e9t\u00e9 Marocaine des Math\u00e9matiques Appliqu\u00e9es (SM2A).<\/p>\n<p>[\/vc_column_text][\/vc_column_inner][\/vc_row_inner][\/vc_tta_section][vc_tta_section title=\u00a0\u00bbR\u00e9sum\u00e9\u00a0\u00bb tab_id=\u00a0\u00bb1561646195927-c935db8b-fd3b\u00a0\u00bb][vc_separator color=\u00a0\u00bborange\u00a0\u00bb border_width=\u00a0\u00bb7&Prime;][vc_column_text]<\/p>\n<h2 style=\"text-align: center;\"><strong>Histoire des math\u00e9matiques et leurs interactions avec les autres sciences<\/strong><\/h2>\n<p style=\"text-align: center;\">\u00a0\u00a0\u00a0\u00a0\u00a0\u00a0\u00a0\u00a0 Les math\u00e9matiques, \u00e0 travers toute l\u2019Histoire, ont jou\u00e9 un r\u00f4le primordial dans le d\u00e9veloppement des autres disciplines\u00a0: La physique, la chimie,\u00a0 la biologie, les sciences \u00e9conomiques \u2026<\/p>\n<p style=\"text-align: center;\">\u00a0\u00a0\u00a0\u00a0\u00a0\u00a0\u00a0\u00a0 Le raisonnement math\u00e9matique est au dessus de tout soup\u00e7on. Aucune th\u00e9orie math\u00e9matique ne s\u2019est av\u00e9r\u00e9e fausse. M\u00eame celles cr\u00e9\u00e9es il y a plus de 3000 ans.. Dans les autres sciences les mod\u00e8les imagin\u00e9s par les scientifiques un si\u00e8cle plut\u00f4t ont \u00e9t\u00e9 rejet\u00e9s par les scientifiques des g\u00e9n\u00e9rations d\u2019apr\u00e8s.<\/p>\n<p style=\"text-align: center;\">De quoi les math\u00e9matiques tiennent-elles cette force\u00a0?<\/p>\n<p>[\/vc_column_text][\/vc_tta_section][vc_tta_section title=\u00a0\u00bbPhotos\u00a0\u00bb tab_id=\u00a0\u00bb1577098043667-434ce373-24a2&Prime;][vc_gallery type=\u00a0\u00bbimage_grid\u00a0\u00bb images=\u00a0\u00bb8541,8557,8500,8545,8544,8542,8546,8547,8523,8548,8549,8550,8520,8509,8552,8513,8511,8540,8553,8514,8535,8551,8507,8536,8534,8537,8527,8526,8554,8556,8539,8529&Prime; img_size=\u00a0\u00bbmedium\u00a0\u00bb][\/vc_tta_section][vc_tta_section title=\u00a0\u00bbVid\u00e9os \u00a0\u00bb tab_id=\u00a0\u00bb1577088176441-1eec8c4d-914b\u00a0\u00bb][vc_row_inner][vc_column_inner width=\u00a0\u00bb1\/3&Prime;][vc_video link=\u00a0\u00bbhttps:\/\/www.youtube.com\/watch?v=pe33A2XBn8A\u00a0\u00bb title=\u00a0\u00bbMot d&rsquo;accueil de la pr\u00e9sidente Dr Houria Ouazzani\u00a0\u00bb][\/vc_column_inner][vc_column_inner width=\u00a0\u00bb1\/3&Prime;][vc_video link=\u00a0\u00bbhttps:\/\/www.youtube.com\/watch?v=ebjZqVRQJNg\u00a0\u00bb title=\u00a0\u00bbHassan El AMRI &#8211; Conf\u00e9rencier\u00a0\u00bb][\/vc_column_inner][vc_column_inner width=\u00a0\u00bb1\/3&Prime;][vc_video link=\u00a0\u00bbhttps:\/\/www.youtube.com\/watch?v=qCPCS9KoKz0&Prime; title=\u00a0\u00bbD\u00e9bats &#8211; Histoire des math\u00e9matiques et leurs interactions avec les autres sciences\u00a0\u00bb][\/vc_column_inner][\/vc_row_inner][\/vc_tta_section][\/vc_tta_tabs][\/vc_column][\/vc_row]<\/p>\n<\/div>","protected":false},"excerpt":{"rendered":"<p>[vc_row][vc_column][vc_tta_tabs active_section=\u00a0\u00bb1&Prime;][vc_tta_section title=\u00a0\u00bbPr\u00e9sentation\u00a0\u00bb tab_id=\u00a0\u00bb1459958412083-252f22b3-80ae\u00a0\u00bb][vc_row_inner][vc_column_inner width=\u00a0\u00bb1\/2&Prime;][vc_column_text] [\/vc_column_text][\/vc_column_inner][vc_column_inner width=\u00a0\u00bb1\/2&Prime;][vc_empty_space][vc_column_text] Mesdames, Messieurs, Chers membres Pour sa 9\u00e8me\u00a0conf\u00e9rence\u00a0au titre de l\u2019ann\u00e9e 2019, le Centre Mohamed Hassan\u00a0Ouazzani pour la D\u00e9mocratie et le D\u00e9veloppement Humain a eu le plaisir\u00a0d\u2019accueillir, Monsieur le Professeur Hassan EL AMRI, Professeur d\u2019enseignement sup\u00e9rieur \u00e0 l\u2019\u00c9cole Normale Sup\u00e9rieure de Casablanca \u00a0Le jeudi 19 D\u00e9cembre 2019 \u00e0 16h\u00a0pour [&hellip;]<\/p>\n","protected":false},"author":1,"featured_media":8479,"comment_status":"open","ping_status":"open","sticky":false,"template":"","format":"standard","meta":[],"categories":[1,61],"tags":[],"_links":{"self":[{"href":"https:\/\/mohamedhassanouazzani.org\/index.php?rest_route=\/wp\/v2\/posts\/8478"}],"collection":[{"href":"https:\/\/mohamedhassanouazzani.org\/index.php?rest_route=\/wp\/v2\/posts"}],"about":[{"href":"https:\/\/mohamedhassanouazzani.org\/index.php?rest_route=\/wp\/v2\/types\/post"}],"author":[{"embeddable":true,"href":"https:\/\/mohamedhassanouazzani.org\/index.php?rest_route=\/wp\/v2\/users\/1"}],"replies":[{"embeddable":true,"href":"https:\/\/mohamedhassanouazzani.org\/index.php?rest_route=%2Fwp%2Fv2%2Fcomments&post=8478"}],"version-history":[{"count":16,"href":"https:\/\/mohamedhassanouazzani.org\/index.php?rest_route=\/wp\/v2\/posts\/8478\/revisions"}],"predecessor-version":[{"id":8558,"href":"https:\/\/mohamedhassanouazzani.org\/index.php?rest_route=\/wp\/v2\/posts\/8478\/revisions\/8558"}],"wp:featuredmedia":[{"embeddable":true,"href":"https:\/\/mohamedhassanouazzani.org\/index.php?rest_route=\/wp\/v2\/media\/8479"}],"wp:attachment":[{"href":"https:\/\/mohamedhassanouazzani.org\/index.php?rest_route=%2Fwp%2Fv2%2Fmedia&parent=8478"}],"wp:term":[{"taxonomy":"category","embeddable":true,"href":"https:\/\/mohamedhassanouazzani.org\/index.php?rest_route=%2Fwp%2Fv2%2Fcategories&post=8478"},{"taxonomy":"post_tag","embeddable":true,"href":"https:\/\/mohamedhassanouazzani.org\/index.php?rest_route=%2Fwp%2Fv2%2Ftags&post=8478"}],"curies":[{"name":"wp","href":"https:\/\/api.w.org\/{rel}","templated":true}]}}