{"id":6979,"date":"2018-01-10T16:15:37","date_gmt":"2018-01-10T15:15:37","guid":{"rendered":"http:\/\/mohamedhassanouazzani.org\/?p=6979"},"modified":"2022-07-06T10:13:58","modified_gmt":"2022-07-06T09:13:58","slug":"interactions-arts-sciences-construction-de-lavenir-savoir","status":"publish","type":"post","link":"https:\/\/mohamedhassanouazzani.org\/?p=6979","title":{"rendered":"Les interactions arts et sciences et la construction de l&rsquo;avenir du Savoir"},"content":{"rendered":"<div class=\"wpb-content-wrapper\"><p>[vc_row][vc_column][vc_tta_tabs active_section=\u00a0\u00bb1&Prime;][vc_tta_section title=\u00a0\u00bbPr\u00e9sentation\u00a0\u00bb tab_id=\u00a0\u00bb1459958412083-252f22b3-80ae\u00a0\u00bb][vc_row_inner][vc_column_inner width=\u00a0\u00bb1\/2&Prime;][vc_empty_space][vc_column_text]<a href=\"http:\/\/mohamedhassanouazzani.org\/wp-content\/uploads\/2018\/01\/Affiche-finale-conf\u00e9rence-24-01-2018.jpg\"><img loading=\"lazy\" class=\"alignleft size-full wp-image-6988\" src=\"http:\/\/mohamedhassanouazzani.org\/wp-content\/uploads\/2018\/01\/Affiche-finale-conf\u00e9rence-24-01-2018.jpg\" alt=\"\" width=\"1240\" height=\"1754\" srcset=\"https:\/\/mohamedhassanouazzani.org\/wp-content\/uploads\/2018\/01\/Affiche-finale-conf\u00e9rence-24-01-2018.jpg 1240w, https:\/\/mohamedhassanouazzani.org\/wp-content\/uploads\/2018\/01\/Affiche-finale-conf\u00e9rence-24-01-2018-212x300.jpg 212w, https:\/\/mohamedhassanouazzani.org\/wp-content\/uploads\/2018\/01\/Affiche-finale-conf\u00e9rence-24-01-2018-768x1086.jpg 768w, https:\/\/mohamedhassanouazzani.org\/wp-content\/uploads\/2018\/01\/Affiche-finale-conf\u00e9rence-24-01-2018-724x1024.jpg 724w, https:\/\/mohamedhassanouazzani.org\/wp-content\/uploads\/2018\/01\/Affiche-finale-conf\u00e9rence-24-01-2018-600x849.jpg 600w\" sizes=\"(max-width: 1240px) 100vw, 1240px\" \/><\/a>[\/vc_column_text][\/vc_column_inner][vc_column_inner width=\u00a0\u00bb1\/2&Prime;][vc_column_text]<\/p>\n<article class=\"post post-large post-4402 type-post status-publish format-standard has-post-thumbnail hentry category-conferences\">\n<div class=\"post-content\" style=\"text-align: center;\">\n<div class=\"entry-content\">\n<h3><\/h3>\n<h3>**********\u00a0 \u00a0 \u00a0 ***********\u00a0 \u00a0**********<\/h3>\n<h4><strong><em>Mesdames, Messieurs<\/em><\/strong><\/h4>\n<h4><em>Pour sa <span style=\"color: #000000;\"><strong>1<\/strong><\/span>\u00e8re conf\u00e9rence au titre de l\u2019ann\u00e9e 2018, le Centre Mohamed Hassan Ouazzani pour la D\u00e9mocratie et le D\u00e9veloppement Humain a eu le plaisir d\u2019accueillir Monsieur\u00a0 le Professeur\u00a0<strong> Monssef Sedki Alaoui<\/strong>, le mercredi \u00a0<span style=\"color: #000000;\"><strong>24 Janvier 2018<\/strong><\/span> \u00e0 <span style=\"color: #000000;\"><strong>16h<\/strong><\/span>. Il a trait\u00e9 le sujet suivant:<\/em><\/h4>\n<h3><span style=\"color: #800080;\"><strong><em>\u00ab\u00a0Les interactions arts et sciences et la construction de l&rsquo;avenir du Savoir\u00a0\u00bb<\/em><\/strong><\/span><\/h3>\n<h4><em>La conf\u00e9rence a \u00e9t\u00e9 pr\u00e9sid\u00e9e et mod\u00e9r\u00e9e par le Professeur <strong>Abdellah Cherif Ouazzani<\/strong>.<\/em><\/h4>\n<h4><em>A l&rsquo;issue de la conf\u00e9rence, le livre <strong>\u00ab\u00a0D\u00e9voilement Spirituel\u00a0\u00bb<\/strong> du Pr. <strong>Monssef Sedki Alaoui<\/strong> a \u00e9t\u00e9\u00a0 pr\u00e9sent\u00e9 et comment\u00e9 par Mme <strong>Rachida Naciri <\/strong>\u00a0romanci\u00e8re et psychop\u00e9dagogue. <\/em><\/h4>\n<h4><em>Nous vous remercions vivement pour votre\u00a0 pr\u00e9sence\u00a0 et pour votre participation au d\u00e9bat qui a suivi.<\/em><\/h4>\n<h4><em>Avec nos meilleures salutations<\/em><\/h4>\n<p>&nbsp;<\/p>\n<h3>**********\u00a0 \u00a0 \u00a0 ***********\u00a0 \u00a0**********<\/h3>\n<h4><\/h4>\n<h3><\/h3>\n<h1><\/h1>\n<h3><\/h3>\n<\/div>\n<div class=\"entry-content\"><span style=\"color: #000000;\">\u00a0<\/span><\/div>\n<\/div>\n<\/article>\n<p>[\/vc_column_text][\/vc_column_inner][\/vc_row_inner][\/vc_tta_section][vc_tta_section title=\u00a0\u00bbR\u00e9sum\u00e9\u00a0\u00bb tab_id=\u00a0\u00bb1515595315316-36ec6c87-c7a3&Prime;][vc_column_text]<\/p>\n<h2 style=\"text-align: center;\"><span style=\"color: #800080;\">Les interactions arts et sciences et la construction de l\u2019avenir du savoir<\/span><\/h2>\n<p style=\"text-align: center;\">\u00a0<span style=\"color: #000000;\">Pr. Monssef SEDKI ALAOUI<\/span><\/p>\n<p style=\"text-align: center;\"><span style=\"color: #000000;\">\u00a0 Plasticien po\u00e8te chercheur au LADES<\/span><\/p>\n<p style=\"text-align: center;\"><span style=\"color: #000000;\">\u00a0 \u00a0 \u00a0 FLSHM, Universit\u00e9 Hassan II, Casablanca.<\/span><\/p>\n<p>&nbsp;<\/p>\n<p><span style=\"color: #000000;\">Apr\u00e8s le rayonnement de l&rsquo;Andalousie et la chute de Grenade, l&rsquo;art et la science conna\u00eetront une Renaissance notoire avec l\u2019\u00e9mergence du g\u00e9nie L\u00a0. de Vinci. Une vision profonde qui traversera les si\u00e8cles pour s&rsquo;acheminer comme syst\u00e8me universel du savoir cr\u00e9ant un d\u00e9veloppement global en Occident et le reste du monde dit \u00ab\u00a0d\u00e9velopp\u00e9\u00a0\u00bb.<\/span><\/p>\n<p><span style=\"color: #000000;\">Avec le d\u00e9tour des lumi\u00e8res (Rousseau), la modernit\u00e9 du XX\u00e8me si\u00e8cle (Picasso), la post modernit\u00e9 (Camus\u2026) et\u00a0 jusqu&rsquo;au XXI\u00e8me si\u00e8cle (notre trilogie du\u00a0 D\u00e9voilement) la dynamique de la connaissance dans les champs des sciences humaines et exactes converge vers une \u00a0cohabitation harmonieuse entre l&rsquo;esprit artistique et les exp\u00e9riences scientifiques en termes de cr\u00e9ativit\u00e9, inventions, innovations&#8230;.<\/span><\/p>\n<p><span style=\"color: #000000;\">Comment s\u2019est op\u00e9r\u00e9 le d\u00e9clic de cette nouvelle pens\u00e9e universelle\u00a0? Cette exp\u00e9rience pourrait-elle \u00eatre le catalyseur d&rsquo;autres exp\u00e9riences de fraternit\u00e9 entre les arts et les sciences, de ce qu&rsquo;on pourrait designer aujourd&rsquo;hui par: \u00ab\u00a0soci\u00e9t\u00e9 de la connaissance multiple et plurielle\u00a0\u00bb ayant un souci majeur et pacifique de r\u00e9 humanisation de notre monde de plus en plus disloqu\u00e9 par les conflits destructeurs qui appliquent leurs \u00ab\u00a0id\u00e9ologies\u00a0\u00bb aux implications artistiques et scientifiques \u00e0 plusieurs \u00e9gards&#8230;La vision po\u00e9tique telle que nous la concevons dans notre exp\u00e9rience d\u2019\u00e9criture (D\u00e9voilement) serait le point de d\u00e9part et l\u2019alternative en devenir qui appelleraient \u00e0 \u00a0la r\u00e9habilitation de la pens\u00e9e ancestrale du M\u00e9di\u00e9val musulman et \u00e0 \u00a0l\u2019assimilation des avanc\u00e9es esth\u00e9tiques et scientifiques d&rsquo;aujourd\u2019hui pour mieux s&rsquo;engager et engager \u00ab\u00a0la famille humaine\u00a0\u00bb dans la construction d\u2019un meilleur avenir.<\/span>[\/vc_column_text][\/vc_tta_section][vc_tta_section title=\u00a0\u00bbParticipants\u00a0\u00bb tab_id=\u00a0\u00bb1451151562251-1ce0c959-e22f\u00a0\u00bb][vc_row_inner][vc_column_inner width=\u00a0\u00bb1\/2&Prime;][vc_column_text]<img loading=\"lazy\" class=\" wp-image-6986 aligncenter\" src=\"http:\/\/mohamedhassanouazzani.org\/wp-content\/uploads\/2018\/01\/Abdellah-Ch\u00e9rif-Ouazzani.jpg\" alt=\"\" width=\"244\" height=\"270\" srcset=\"https:\/\/mohamedhassanouazzani.org\/wp-content\/uploads\/2018\/01\/Abdellah-Ch\u00e9rif-Ouazzani.jpg 480w, https:\/\/mohamedhassanouazzani.org\/wp-content\/uploads\/2018\/01\/Abdellah-Ch\u00e9rif-Ouazzani-272x300.jpg 272w\" sizes=\"(max-width: 244px) 100vw, 244px\" \/><\/p>\n<p style=\"text-align: center;\"><span style=\"color: #000000;\"><strong>Pr\u00e9sident\u00a0de s\u00e9ance<\/strong><\/span><\/p>\n<p style=\"text-align: center;\"><a href=\"http:\/\/mohamedhassanouazzani.org\/abdellah-cherif-ouazzani\/\"><span style=\"color: #000000;\"><strong>Dr. Abdellah Cherif Ouazzani\u00a0<\/strong><\/span><\/a><\/p>\n<p style=\"text-align: center;\"><span style=\"color: #000000;\">Enseignant chercheur en pens\u00e9e islamique et sciences de l&rsquo;\u00e9ducation<\/span><\/p>\n<p style=\"text-align: center;\"><span style=\"color: #000000;\">Doctorat en sciences islamiques de l&rsquo;universit\u00e9 Mohamed V \u00e0 Rabat<\/span><\/p>\n<p style=\"text-align: center;\"><span style=\"color: #000000;\">MBA de l&rsquo;universit\u00e9 du Qu\u00e9bec \u00e0 Montr\u00e9al<\/span><\/p>\n<p style=\"text-align: center;\"><span style=\"color: #000000;\"><strong>Livres \u00e9crits en fran\u00e7ais:<\/strong><\/span><\/p>\n<p style=\"text-align: center;\"><span style=\"color: #000000;\">&#8211; Le Proph\u00e8te de l&rsquo;Islam, le Mod\u00e8le<\/span><\/p>\n<p style=\"text-align: center;\"><span style=\"color: #000000;\">&#8211; Ce qu&rsquo;il faut connaitre du Coran<\/span><\/p>\n<p style=\"text-align: center;\"><span style=\"color: #000000;\">&#8211; L&rsquo;Islam pris en otage<\/span><\/p>\n<p style=\"text-align: center;\"><span style=\"color: #000000;\"><strong>Livres \u00e9crits en arabe:<\/strong><\/span><\/p>\n<p style=\"text-align: center;\"><span style=\"color: #000000;\">\u00a0\u0627\u0644\u0632\u0627\u0648\u064a\u0629 \u0627\u0644\u0648\u0632\u0627\u0646\u064a\u0629 \u0628\u0641\u0627\u0633 \u062e\u0635\u0627\u0626\u0635\u0647\u0627 \u0648\u0623\u0639\u0644\u0627\u0645\u0647\u0627<\/span><\/p>\n<p style=\"text-align: center;\"><span style=\"color: #000000;\">\u00a0 \u0633\u064a\u0631\u0627\u062c \u0627\u0644\u063a\u064a\u0648\u0628 \u0641\u064a \u0623\u0639\u0645\u0627\u0644 \u0627\u0644\u0642\u0644\u0648\u0628<\/span><\/p>\n<p style=\"text-align: center;\"><span style=\"color: #000000;\">\u00a0 \u00a0 \u00a0\u0644\u0645\u0627\u0630\u0627 \u0646\u0641\u0631\u062d \u0628\u0627\u0644\u0645\u0635\u0637\u0641\u0649<\/span><\/p>\n<p>[\/vc_column_text][\/vc_column_inner][vc_column_inner width=\u00a0\u00bb1\/2&Prime;][vc_column_text]<\/p>\n<p style=\"text-align: center;\"><span style=\"color: #000000;\"><strong><a href=\"http:\/\/mohamedhassanouazzani.org\/wp-content\/uploads\/2018\/01\/photo-sedki-alaoui.jpg\"><img loading=\"lazy\" class=\"size-full wp-image-6984 aligncenter\" src=\"http:\/\/mohamedhassanouazzani.org\/wp-content\/uploads\/2018\/01\/photo-sedki-alaoui.jpg\" alt=\"\" width=\"237\" height=\"279\" \/><\/a><\/strong><\/span><\/p>\n<p style=\"text-align: center;\"><span style=\"color: #000000;\"><strong>Conf\u00e9rencier de s\u00e9ance\u00a0<\/strong><\/span><\/p>\n<p style=\"text-align: center;\"><span style=\"color: #000000;\"><strong>Dr. Monssef Sedki Alaoui<\/strong><\/span><\/p>\n<p style=\"text-align: center;\"><span style=\"color: #000000;\">\u00a0\u00a0\u00a0\u00a0\u00a0\u00a0\u00a0\u00a0\u00a0\u00a0\u00a0 \u00a0\u00a0\u00a0\u00a0\u00a0\u00a0\u00a0\u00a0\u00a0\u00a0\u00a0\u00a0\u00a0\u00a0 Plasticien po\u00e8te, chercheur en art post moderne.<\/span><\/p>\n<p style=\"text-align: center;\"><span style=\"color: #000000;\">Travaille \u00e0 la Facult\u00e9 des Lettres et des Sciences Humaines de Mohammedia<\/span><\/p>\n<p style=\"text-align: center;\"><span style=\"color: #000000;\">\u00a0Universit\u00e9 Hassan II de Casablanca.<\/span><\/p>\n<p style=\"text-align: center;\"><span style=\"color: #000000;\">\u00a0 \u00a0 \u00a0 \u00a0Vit entre Essaouira et Mohammedia<\/span><\/p>\n<p style=\"text-align: center;\"><span style=\"color: #000000;\">Initiateur De la rencontre du Tourisme artistique \u00e0 Essaouira depuis 2002 et du <strong>Printemps po\u00e9tique de Mohammedia <\/strong>cr\u00e9\u00e9 en 2010, Dr Monssef SEDKI ALAOUI, est r\u00e9cemment r\u00e9compens\u00e9 en d\u00e9but 2016 par le \u00ab\u00a0Troph\u00e9e de l\u2019honneur\u00a0\u00bb pour ses efforts dans la promotion de l\u2019art n\u00e9o abstrait et l\u2019inter culturalit\u00e9 au Maroc en tant qu\u2019\u00e9crivain chercheur, praticien de l\u2019art dans le cadre de la premi\u00e8re \u00e9dition du festival des ARTS PLASTIQUES ET DES DIALOGUES DE CULTURES\u00a0DE CASABLANCA.<\/span><\/p>\n<p style=\"text-align: center;\"><span style=\"color: #000000;\">Cet artiste chercheur et acteur culturel si pr\u00e9sent dans la sph\u00e8re culturelle marocaine, maghr\u00e9bine et internationale a publi\u00e9 une trilogie esth\u00e9tique et po\u00e9tique relatant deux cycles de r\u00e9flexion un recueil de textes po\u00e8mes en deux Tomes intitul\u00e9s\u00a0: Gestations spirituelles respectivement en 2003 et 2013, un ouvrage sur l\u2019esth\u00e9tique\u00a0: \u00ab\u00a0L\u2019art comme \u00e9criture de l\u2019ombre et de la lumi\u00e8re\u00a0\u00bb (en traduction).<\/span><\/p>\n<p style=\"text-align: center;\"><span style=\"color: #000000;\">Laur\u00e9at et major de promotion de la section Arts plastiques (Rabat,1993), il expose \u00e0 partir de cette date\u00a0des recherches orient\u00e9es vers la n\u00e9oabstraction articul\u00e9e avec une po\u00e9tique spiritualiste. A partir de l\u2019\u00e9t\u00e9 2016, il fait partie comme th\u00e9oricien et praticien \u00e0 un groupe de recherche maroco allemand pr\u00e9occup\u00e9 par l\u2019innovation en mati\u00e8re d\u2019esth\u00e9tique abstraite.<\/span><\/p>\n<p style=\"text-align: center;\"><span style=\"color: #000000;\">L\u2019exposition de janvier 2017 est le d\u00e9clic plastique et po\u00e9tique d\u2019une tourn\u00e9e dont l\u2019objectif est de cr\u00e9er un dialogue autour d\u2019un \u00e9ventuel courant.<\/span><\/p>\n<p>&nbsp;<\/p>\n<div class=\"from-ws\"><span style=\"color: #000000;\">\u00a0<\/span><\/div>\n<div class=\"from-ws\"><\/div>\n<p>[\/vc_column_text][\/vc_column_inner][\/vc_row_inner][\/vc_tta_section][vc_tta_section title=\u00a0\u00bbLivre: D\u00e9voilement Spirituel\u00a0\u00bb tab_id=\u00a0\u00bb1515596715400-096f696d-fbd4&Prime;][vc_column_text]<a href=\"http:\/\/mohamedhassanouazzani.org\/wp-content\/uploads\/2018\/01\/D\u00e9voilement-spirituel-6mai2016-2-2.jpg\"><img loading=\"lazy\" class=\"alignleft wp-image-7006\" src=\"http:\/\/mohamedhassanouazzani.org\/wp-content\/uploads\/2018\/01\/D\u00e9voilement-spirituel-6mai2016-2-2.jpg\" alt=\"\" width=\"866\" height=\"1248\" srcset=\"https:\/\/mohamedhassanouazzani.org\/wp-content\/uploads\/2018\/01\/D\u00e9voilement-spirituel-6mai2016-2-2.jpg 1081w, https:\/\/mohamedhassanouazzani.org\/wp-content\/uploads\/2018\/01\/D\u00e9voilement-spirituel-6mai2016-2-2-208x300.jpg 208w, https:\/\/mohamedhassanouazzani.org\/wp-content\/uploads\/2018\/01\/D\u00e9voilement-spirituel-6mai2016-2-2-768x1106.jpg 768w, https:\/\/mohamedhassanouazzani.org\/wp-content\/uploads\/2018\/01\/D\u00e9voilement-spirituel-6mai2016-2-2-711x1024.jpg 711w, https:\/\/mohamedhassanouazzani.org\/wp-content\/uploads\/2018\/01\/D\u00e9voilement-spirituel-6mai2016-2-2-600x864.jpg 600w\" sizes=\"(max-width: 866px) 100vw, 866px\" \/><\/a>[\/vc_column_text][\/vc_tta_section][vc_tta_section title=\u00a0\u00bbPhotos\u00a0\u00bb tab_id=\u00a0\u00bb1453810337809-a60335a8-2bdc\u00a0\u00bb][vc_gallery type=\u00a0\u00bbimage_grid\u00a0\u00bb images=\u00a0\u00bb7015,7014,7018,7017,7016,7027,7020,7019,7024,7021,7022,7026,7023,7035,7025,7028,7034,7032,7031,7030,7029,7033,7037,7036,7038&Prime; img_size=\u00a0\u00bbmedium\u00a0\u00bb][\/vc_tta_section][vc_tta_section title=\u00a0\u00bbVid\u00e9os \u00a0\u00bb tab_id=\u00a0\u00bb1513624461651-2ea5a01c-709b\u00a0\u00bb][vc_row_inner][vc_column_inner width=\u00a0\u00bb1\/3&Prime;][vc_video link=\u00a0\u00bbhttps:\/\/www.youtube.com\/watch?v=r_ZnnA54fzo\u00a0\u00bb title=\u00a0\u00bbIntroduction de la conf\u00e9rence.Pr Abdellah Ch\u00e9rif Ouazzani\u00a0\u00bb][vc_video link=\u00a0\u00bbhttps:\/\/www.youtube.com\/watch?v=23lvQPioW-I\u00a0\u00bb title=\u00a0\u00bbD\u00e9bats &#8211; Les interactions arts et sciences et la construction de l\u2019avenir du Savoir\u00a0\u00bb][\/vc_column_inner][vc_column_inner width=\u00a0\u00bb1\/3&Prime;][vc_video link=\u00a0\u00bbhttps:\/\/www.youtube.com\/watch?v=3FrpsiN9J1I\u00a0\u00bb title=\u00a0\u00bbMot d&rsquo;accueil de la pr\u00e9sidente: Dr. Houria Ouazzani\u00a0\u00bb][\/vc_column_inner][vc_column_inner width=\u00a0\u00bb1\/3&Prime;][vc_video link=\u00a0\u00bbhttps:\/\/www.youtube.com\/watch?v=WDvZj2zEZ4I&amp;index=3&Prime; title=\u00a0\u00bbConf\u00e9rencier &#8211; Monssef Sedki Alaoui &#8211; chercheur en art\u00a0\u00bb][\/vc_column_inner][\/vc_row_inner][\/vc_tta_section][\/vc_tta_tabs][\/vc_column][\/vc_row]<\/p>\n<\/div>","protected":false},"excerpt":{"rendered":"<p>[vc_row][vc_column][vc_tta_tabs active_section=\u00a0\u00bb1&Prime;][vc_tta_section title=\u00a0\u00bbPr\u00e9sentation\u00a0\u00bb tab_id=\u00a0\u00bb1459958412083-252f22b3-80ae\u00a0\u00bb][vc_row_inner][vc_column_inner width=\u00a0\u00bb1\/2&Prime;][vc_empty_space][vc_column_text][\/vc_column_text][\/vc_column_inner][vc_column_inner width=\u00a0\u00bb1\/2&Prime;][vc_column_text] **********\u00a0 \u00a0 \u00a0 ***********\u00a0 \u00a0********** Mesdames, Messieurs Pour sa 1\u00e8re conf\u00e9rence au titre de l\u2019ann\u00e9e 2018, le Centre Mohamed Hassan Ouazzani pour la D\u00e9mocratie et le D\u00e9veloppement Humain a eu le plaisir d\u2019accueillir Monsieur\u00a0 le Professeur\u00a0 Monssef Sedki Alaoui, le mercredi \u00a024 Janvier 2018 \u00e0 16h. Il a trait\u00e9 [&hellip;]<\/p>\n","protected":false},"author":1,"featured_media":6988,"comment_status":"open","ping_status":"open","sticky":false,"template":"","format":"standard","meta":[],"categories":[61],"tags":[],"_links":{"self":[{"href":"https:\/\/mohamedhassanouazzani.org\/index.php?rest_route=\/wp\/v2\/posts\/6979"}],"collection":[{"href":"https:\/\/mohamedhassanouazzani.org\/index.php?rest_route=\/wp\/v2\/posts"}],"about":[{"href":"https:\/\/mohamedhassanouazzani.org\/index.php?rest_route=\/wp\/v2\/types\/post"}],"author":[{"embeddable":true,"href":"https:\/\/mohamedhassanouazzani.org\/index.php?rest_route=\/wp\/v2\/users\/1"}],"replies":[{"embeddable":true,"href":"https:\/\/mohamedhassanouazzani.org\/index.php?rest_route=%2Fwp%2Fv2%2Fcomments&post=6979"}],"version-history":[{"count":33,"href":"https:\/\/mohamedhassanouazzani.org\/index.php?rest_route=\/wp\/v2\/posts\/6979\/revisions"}],"predecessor-version":[{"id":9884,"href":"https:\/\/mohamedhassanouazzani.org\/index.php?rest_route=\/wp\/v2\/posts\/6979\/revisions\/9884"}],"wp:featuredmedia":[{"embeddable":true,"href":"https:\/\/mohamedhassanouazzani.org\/index.php?rest_route=\/wp\/v2\/media\/6988"}],"wp:attachment":[{"href":"https:\/\/mohamedhassanouazzani.org\/index.php?rest_route=%2Fwp%2Fv2%2Fmedia&parent=6979"}],"wp:term":[{"taxonomy":"category","embeddable":true,"href":"https:\/\/mohamedhassanouazzani.org\/index.php?rest_route=%2Fwp%2Fv2%2Fcategories&post=6979"},{"taxonomy":"post_tag","embeddable":true,"href":"https:\/\/mohamedhassanouazzani.org\/index.php?rest_route=%2Fwp%2Fv2%2Ftags&post=6979"}],"curies":[{"name":"wp","href":"https:\/\/api.w.org\/{rel}","templated":true}]}}