{"id":6908,"date":"2017-11-27T09:49:00","date_gmt":"2017-11-27T08:49:00","guid":{"rendered":"http:\/\/mohamedhassanouazzani.org\/?p=6908"},"modified":"2018-10-30T14:34:52","modified_gmt":"2018-10-30T13:34:52","slug":"royaume-maroc-face-royaume-de-mer-de-vocation-a-lambition","status":"publish","type":"post","link":"https:\/\/mohamedhassanouazzani.org\/?p=6908","title":{"rendered":"Le royaume du Maroc face au royaume de la mer: de la vocation \u00e0 l&rsquo;ambition"},"content":{"rendered":"<div class=\"wpb-content-wrapper\"><p>[vc_row][vc_column][vc_tta_tabs][vc_tta_section title=\u00a0\u00bbPr\u00e9sentation\u00a0\u00bb tab_id=\u00a0\u00bb1459958412083-252f22b3-80ae\u00a0\u00bb][vc_row_inner][vc_column_inner width=\u00a0\u00bb1\/2&Prime;][vc_empty_space][vc_column_text]<a href=\"http:\/\/mohamedhassanouazzani.org\/wp-content\/uploads\/2017\/11\/The-Final-Affiche-16-11-2017.jpg\"><img loading=\"lazy\" class=\"alignleft size-full wp-image-6909\" src=\"http:\/\/mohamedhassanouazzani.org\/wp-content\/uploads\/2017\/11\/The-Final-Affiche-16-11-2017.jpg\" alt=\"\" width=\"1654\" height=\"2339\" srcset=\"https:\/\/mohamedhassanouazzani.org\/wp-content\/uploads\/2017\/11\/The-Final-Affiche-16-11-2017.jpg 1654w, https:\/\/mohamedhassanouazzani.org\/wp-content\/uploads\/2017\/11\/The-Final-Affiche-16-11-2017-212x300.jpg 212w, https:\/\/mohamedhassanouazzani.org\/wp-content\/uploads\/2017\/11\/The-Final-Affiche-16-11-2017-768x1086.jpg 768w, https:\/\/mohamedhassanouazzani.org\/wp-content\/uploads\/2017\/11\/The-Final-Affiche-16-11-2017-724x1024.jpg 724w, https:\/\/mohamedhassanouazzani.org\/wp-content\/uploads\/2017\/11\/The-Final-Affiche-16-11-2017-600x848.jpg 600w\" sizes=\"(max-width: 1654px) 100vw, 1654px\" \/><\/a>[\/vc_column_text][\/vc_column_inner][vc_column_inner width=\u00a0\u00bb1\/2&Prime;][vc_column_text]<\/p>\n<article class=\"post post-large post-4402 type-post status-publish format-standard has-post-thumbnail hentry category-conferences\">\n<div class=\"post-content\" style=\"text-align: center;\">\n<div class=\"entry-content\">\n<h3><\/h3>\n<h3>**********\u00a0 \u00a0 \u00a0 ***********\u00a0 \u00a0**********<\/h3>\n<h3><strong><em>Mesdames, Messieurs<\/em><\/strong><\/h3>\n<h4><em>Pour sa <span style=\"color: #000000;\"><strong>6<\/strong><\/span>\u00e8me conf\u00e9rence au titre de l\u2019ann\u00e9e 2017, le Centre Mohamed Hassan Ouazzani pour la D\u00e9mocratie et le D\u00e9veloppement Humain a eu le plaisir d\u2019accueillir Monsieur\u00a0 le Professeur <span style=\"color: #800080;\">\u00a0<span style=\"color: #000000;\"><strong>Miloud Loukili<\/strong><\/span><\/span>, le jeudi<strong><span style=\"color: #ff0000;\"> 30 Novembre 2017<\/span><\/strong> \u00e0 <strong><span style=\"color: #ff0000;\">16h<\/span><\/strong>. Il a trait\u00e9 le sujet suivant:<\/em><\/h4>\n<h3><span style=\"color: #0000ff;\"><strong><em>\u00ab\u00a0Le royaume du Maroc face au royaume de la mer: de la vocation \u00e0 l&rsquo;ambition\u00a0\u00bb<\/em><\/strong><\/span><\/h3>\n<h4><em>La conf\u00e9rence a \u00e9t\u00e9 pr\u00e9sid\u00e9e et mod\u00e9r\u00e9e par le Professeur <span style=\"color: #000000;\"><strong>Hassan Ouazzani-Chahdi<\/strong><\/span>.\u00a0<\/em><em>Nous vous remercions vivement pour votre pr\u00e9sence et pour votre participation au d\u00e9bat qui a suivi.\u00a0<\/em><\/h4>\n<h4><em>Avec nos meilleures salutations<\/em><\/h4>\n<p>&nbsp;<\/p>\n<h3>**********\u00a0 \u00a0 \u00a0 ***********\u00a0 \u00a0**********<\/h3>\n<h4><\/h4>\n<h3><\/h3>\n<h1><\/h1>\n<h3><\/h3>\n<\/div>\n<div class=\"entry-content\"><span style=\"color: #000000;\">\u00a0<\/span><\/div>\n<\/div>\n<\/article>\n<p>[\/vc_column_text][\/vc_column_inner][\/vc_row_inner][\/vc_tta_section][vc_tta_section title=\u00a0\u00bbParticipants\u00a0\u00bb tab_id=\u00a0\u00bb1451151562251-1ce0c959-e22f\u00a0\u00bb][vc_row_inner][vc_column_inner width=\u00a0\u00bb1\/2&Prime;][vc_column_text]<a href=\"http:\/\/mohamedhassanouazzani.org\/wp-content\/uploads\/2017\/11\/Hassan-Ouazzani-272x300.jpg\"><img loading=\"lazy\" class=\"size-full wp-image-6915 aligncenter\" src=\"http:\/\/mohamedhassanouazzani.org\/wp-content\/uploads\/2017\/11\/Hassan-Ouazzani-272x300.jpg\" alt=\"\" width=\"272\" height=\"300\" \/><\/a><\/p>\n<p style=\"text-align: center;\"><strong>Pr\u00e9sident\u00a0de s\u00e9ance<\/strong><\/p>\n<p style=\"text-align: center;\"><a href=\"http:\/\/mohamedhassanouazzani.org\/hassan-ouazzani-chahdi\/\"><strong>Hassan Ouazzani-Chahdi<\/strong><\/a><\/p>\n<p><strong>Hassan Ouazzani-Chahdi<\/strong>\u00a0est\u00a0Vice-Pr\u00e9sident du Centre Mohamed Hassan Ouazzani pour la D\u00e9mocratie et le D\u00e9veloppement Humain.<\/p>\n<p>Docteur d\u2019Etat en Droit de l\u2019Universit\u00e9 Paris I \u2013 Panth\u00e9on \u2013 Sorbonne, ses recherches portent notamment sur le droit administratif, le droit international (droit des trait\u00e9s), le droit des investissements priv\u00e9s \u00e9trangers, le droit constitutionnel et le droit diplomatique et consulaire.<\/p>\n<p>A la fois administrativiste et internationaliste, Hassan Ouazzani-Chahdi est un des premiers sp\u00e9cialistes et d\u00e9fenseurs des droits de l\u2019homme et du citoyen au Maroc, et un universitaire de la premi\u00e8re g\u00e9n\u00e9ration de l\u2019apr\u00e8s ind\u00e9pendance dont les enseignements et les travaux de recherche repr\u00e9sentent pour l\u2019Universit\u00e9 marocaine non seulement un apport fondamental mais fondateur.<\/p>\n<p>Hassan Ouazzani-Chahdi est actuellement professeur \u00e9m\u00e9rite \u00e0 la Facult\u00e9 de Droit\u00a0de Casablanca.<\/p>\n<p>Il est \u00e9galement :<\/p>\n<ul>\n<li>Membre de la Commission du Droit International des Nations Unies<\/li>\n<li>Dipl\u00f4m\u00e9 du centre d\u2019\u00e9tudes et de recherche de l\u2019acad\u00e9mie de droit international de la Haye<\/li>\n<li>Ancien chef de d\u00e9partement de droit public \u00e0 la Facult\u00e9 de droit de Casablanca<\/li>\n<li>Ancien Conseiller aupr\u00e8s du conseil constitutionnel charg\u00e9 des \u00e9tudes<\/li>\n<li>Consultant de la commission \u00e9conomique des Nations Unies pour l\u2019Afrique (CEA) et du centre Africain de formation et de recherche administrative pour le d\u00e9veloppement (CAFRAD) \u2013 Conception du syst\u00e8me de gouvernance en Afrique<\/li>\n<li>Membre du comit\u00e9 juridique international pour le projet de cr\u00e9ation d\u2019une cour constitutionnelle internationale (Constitu\u00e9 \u00e0 Tunis en 2013)<\/li>\n<li>Membre du groupe de synth\u00e8se de la gouvernance de Casablanca (Think Thank)<\/li>\n<li>Vice pr\u00e9sident de l\u2019Association internationale s\u00e9curit\u00e9 et coop\u00e9ration en M\u00e9diterran\u00e9e (SECOMED) constitu\u00e9e \u00e0 Paris en 2014<\/li>\n<li>Ancien vice pr\u00e9sident pour l\u2019Afrique de l\u2019institut international des sciences administratives de Bruxelles (1989-1995)<\/li>\n<li>Ex-pr\u00e9sident de l\u2019association Marocaine des sciences administratives (AMSA)<\/li>\n<li>Membre du comit\u00e9 juridique du projet relatif \u00e0 a liaison fixe \u00e0 travers le d\u00e9troit de Gibraltar (1987-1993)<\/li>\n<li>Membre de la d\u00e9l\u00e9gation Marocaine pour l\u2019\u00e9laboration de la charte Africaine des droits de l\u2019homme et des peuples (Banjul \u2013 Gambie 1981)<\/li>\n<li>Consultant du cabinet juridique Lef\u00e8vre Pelletier et Associ\u00e9s<\/li>\n<li>Auteur\u00a0d\u2019ouvrages de r\u00e9f\u00e9rences en droit administratif, Droit de l\u2019homme et droit des trait\u00e9s internationaux<\/li>\n<li>Auteurs de nombreux articles de doctrine en droit public et science administrative<\/li>\n<\/ul>\n<p>[\/vc_column_text][\/vc_column_inner][vc_column_inner width=\u00a0\u00bb1\/2&Prime;][vc_column_text]<\/p>\n<p style=\"text-align: center;\"><strong><a href=\"http:\/\/mohamedhassanouazzani.org\/wp-content\/uploads\/2017\/11\/loukili.jpg\"><img loading=\"lazy\" class=\" wp-image-6916 aligncenter\" src=\"http:\/\/mohamedhassanouazzani.org\/wp-content\/uploads\/2017\/11\/loukili.jpg\" alt=\"\" width=\"303\" height=\"285\" srcset=\"https:\/\/mohamedhassanouazzani.org\/wp-content\/uploads\/2017\/11\/loukili.jpg 438w, https:\/\/mohamedhassanouazzani.org\/wp-content\/uploads\/2017\/11\/loukili-300x282.jpg 300w\" sizes=\"(max-width: 303px) 100vw, 303px\" \/><\/a><\/strong><\/p>\n<p style=\"text-align: center;\"><strong>Conf\u00e9rencier de s\u00e9ance\u00a0<\/strong><\/p>\n<p style=\"text-align: center;\"><span style=\"color: #ff9900;\"><strong>Miloud Loukili<\/strong><\/span><\/p>\n<p>Professeur de Droit de la Mer et de Droit International de l&rsquo;Environnement \u00e0 la Facult\u00e9 de Droit, Rabat Agdal, Universit\u00e9 Mohamed V<\/p>\n<p>Membre du Cabinet du Ministre de l&rsquo;Agriculture et des P\u00eaches Maritimes, Rabat<\/p>\n<p>Ancien Directeur de l&rsquo;Institut Sup\u00e9rieur des Etudes Maritimes (I.S.E.M.), Casablanca<\/p>\n<p>Ancien Directeur de la Marine Marchande, Casablanca<\/p>\n<p>Ancien membre de la D\u00e9l\u00e9gation marocaine \u00e0 la Conf\u00e9rence des Nations Unies sur le Droit de la Mer, New York (1975-1982)<\/p>\n<p>Ancien membre de la D\u00e9l\u00e9gation marocaine \u00e0 la Conf\u00e9rence Pr\u00e9paratoire de l&rsquo;Autorit\u00e9 Internationale des Fonds Marins et du Tribunal du Droit de la Mer (Kingston, Jama\u00efque 1983-1990)<\/p>\n<p>Membre du Bureau du Groupement d&rsquo;Etudes et de Recherches sur la M\u00e9diterran\u00e9e (G.E.R.M.), Rabat<\/p>\n<p>Membre fondateur et Pr\u00e9sident de l\u2019Association Marocaine d\u2019Etudes et de Recherches Internationales (A.M.E.R.I.), Rabat<\/p>\n<p>Ancien membre du Conseil d&rsquo;Administration de l&rsquo;Universit\u00e9 Maritime Mondiale, Malmo\u00eb, Su\u00e8de<\/p>\n<p>Ancien membre du Jury Hassan II pour l&rsquo;Environnement<\/p>\n<p>Co-Pr\u00e9sident du Conseil Scientifique du Forum de la Mer, El Jadida (2014-2016)<\/p>\n<p>Membre Fondateur du R\u00e9seau Africain du Droit de l&rsquo;Environnement, Rabat, 2016[\/vc_column_text][\/vc_column_inner][\/vc_row_inner][\/vc_tta_section][vc_tta_section title=\u00a0\u00bbPhotos\u00a0\u00bb tab_id=\u00a0\u00bb1453810337809-a60335a8-2bdc\u00a0\u00bb][vc_gallery type=\u00a0\u00bbimage_grid\u00a0\u00bb images=\u00a0\u00bb6943,6944,6942,6946,6947,6948,6949,6950,6951,6953,6954&Prime; img_size=\u00a0\u00bbmedium\u00a0\u00bb][\/vc_tta_section][vc_tta_section title=\u00a0\u00bbVid\u00e9os\u00a0\u00bb tab_id=\u00a0\u00bb1508792561644-fd622f49-8e8d\u00a0\u00bb][vc_row_inner][vc_column_inner width=\u00a0\u00bb1\/3&Prime;][vc_video link=\u00a0\u00bbhttps:\/\/youtu.be\/nphmlegV96Q\u00a0\u00bb title=\u00a0\u00bb Mot d&rsquo;accueil de la pr\u00e9sidente: Dr. Houria Ouazzani\u00a0\u00bb][\/vc_column_inner][vc_column_inner width=\u00a0\u00bb1\/3&Prime;][vc_video link=\u00a0\u00bbhttps:\/\/youtu.be\/B1GPAS4mPjM\u00a0\u00bb title=\u00a0\u00bbConf\u00e9rencier &#8211; Miloud Loukili &#8211; Pr. de Droit de la Mer et de Droit International de l\u2019Environnement\u00a0\u00bb][\/vc_column_inner][vc_column_inner width=\u00a0\u00bb1\/3&Prime;][vc_video link=\u00a0\u00bbhttps:\/\/youtu.be\/5MB-5JBzJi8&Prime; title=\u00a0\u00bbD\u00e9bats &#8211; Le royaume du Maroc face au royaume de la mer: de la vocation \u00e0 l\u2019ambition\u00a0\u00bb][\/vc_column_inner][\/vc_row_inner][\/vc_tta_section][\/vc_tta_tabs][\/vc_column][\/vc_row]<\/p>\n<\/div>","protected":false},"excerpt":{"rendered":"<p>[vc_row][vc_column][vc_tta_tabs][vc_tta_section title=\u00a0\u00bbPr\u00e9sentation\u00a0\u00bb tab_id=\u00a0\u00bb1459958412083-252f22b3-80ae\u00a0\u00bb][vc_row_inner][vc_column_inner width=\u00a0\u00bb1\/2&Prime;][vc_empty_space][vc_column_text][\/vc_column_text][\/vc_column_inner][vc_column_inner width=\u00a0\u00bb1\/2&Prime;][vc_column_text] **********\u00a0 \u00a0 \u00a0 ***********\u00a0 \u00a0********** Mesdames, Messieurs Pour sa 6\u00e8me conf\u00e9rence au titre de l\u2019ann\u00e9e 2017, le Centre Mohamed Hassan Ouazzani pour la D\u00e9mocratie et le D\u00e9veloppement Humain a eu le plaisir d\u2019accueillir Monsieur\u00a0 le Professeur \u00a0Miloud Loukili, le jeudi 30 Novembre 2017 \u00e0 16h. Il a trait\u00e9 le sujet [&hellip;]<\/p>\n","protected":false},"author":1,"featured_media":6909,"comment_status":"open","ping_status":"open","sticky":false,"template":"","format":"standard","meta":[],"categories":[61],"tags":[],"_links":{"self":[{"href":"https:\/\/mohamedhassanouazzani.org\/index.php?rest_route=\/wp\/v2\/posts\/6908"}],"collection":[{"href":"https:\/\/mohamedhassanouazzani.org\/index.php?rest_route=\/wp\/v2\/posts"}],"about":[{"href":"https:\/\/mohamedhassanouazzani.org\/index.php?rest_route=\/wp\/v2\/types\/post"}],"author":[{"embeddable":true,"href":"https:\/\/mohamedhassanouazzani.org\/index.php?rest_route=\/wp\/v2\/users\/1"}],"replies":[{"embeddable":true,"href":"https:\/\/mohamedhassanouazzani.org\/index.php?rest_route=%2Fwp%2Fv2%2Fcomments&post=6908"}],"version-history":[{"count":17,"href":"https:\/\/mohamedhassanouazzani.org\/index.php?rest_route=\/wp\/v2\/posts\/6908\/revisions"}],"predecessor-version":[{"id":6977,"href":"https:\/\/mohamedhassanouazzani.org\/index.php?rest_route=\/wp\/v2\/posts\/6908\/revisions\/6977"}],"wp:featuredmedia":[{"embeddable":true,"href":"https:\/\/mohamedhassanouazzani.org\/index.php?rest_route=\/wp\/v2\/media\/6909"}],"wp:attachment":[{"href":"https:\/\/mohamedhassanouazzani.org\/index.php?rest_route=%2Fwp%2Fv2%2Fmedia&parent=6908"}],"wp:term":[{"taxonomy":"category","embeddable":true,"href":"https:\/\/mohamedhassanouazzani.org\/index.php?rest_route=%2Fwp%2Fv2%2Fcategories&post=6908"},{"taxonomy":"post_tag","embeddable":true,"href":"https:\/\/mohamedhassanouazzani.org\/index.php?rest_route=%2Fwp%2Fv2%2Ftags&post=6908"}],"curies":[{"name":"wp","href":"https:\/\/api.w.org\/{rel}","templated":true}]}}