{"id":6843,"date":"2017-10-10T18:22:12","date_gmt":"2017-10-10T17:22:12","guid":{"rendered":"http:\/\/mohamedhassanouazzani.org\/?p=6843"},"modified":"2018-10-30T14:26:42","modified_gmt":"2018-10-30T13:26:42","slug":"les-soulaliyates-en-mouvement-lutte-pour-legalite-et-le-droit-a-la-terre","status":"publish","type":"post","link":"https:\/\/mohamedhassanouazzani.org\/?p=6843","title":{"rendered":"Les Soulaliyates en mouvement: lutte pour l&rsquo;\u00e9galit\u00e9 et le droit \u00e0 la terre"},"content":{"rendered":"<div class=\"wpb-content-wrapper\"><p>[vc_row][vc_column][vc_tta_tabs][vc_tta_section title=\u00a0\u00bbPr\u00e9sentation\u00a0\u00bb tab_id=\u00a0\u00bb1459958412083-252f22b3-80ae\u00a0\u00bb][vc_row_inner][vc_column_inner width=\u00a0\u00bb1\/2&Prime;][vc_empty_space][vc_column_text]<a href=\"http:\/\/mohamedhassanouazzani.org\/wp-content\/uploads\/2017\/10\/AFFICHE-FINALE-CONFERENCE-19-OCTOBRE-2017.jpg\" rel=\"attachment wp-att-6844\"><img loading=\"lazy\" class=\"alignleft size-full wp-image-6844\" src=\"http:\/\/mohamedhassanouazzani.org\/wp-content\/uploads\/2017\/10\/AFFICHE-FINALE-CONFERENCE-19-OCTOBRE-2017.jpg\" alt=\"AFFICHE FINALE CONFERENCE 19 OCTOBRE 2017\" width=\"1654\" height=\"2339\" srcset=\"https:\/\/mohamedhassanouazzani.org\/wp-content\/uploads\/2017\/10\/AFFICHE-FINALE-CONFERENCE-19-OCTOBRE-2017.jpg 1654w, https:\/\/mohamedhassanouazzani.org\/wp-content\/uploads\/2017\/10\/AFFICHE-FINALE-CONFERENCE-19-OCTOBRE-2017-212x300.jpg 212w, https:\/\/mohamedhassanouazzani.org\/wp-content\/uploads\/2017\/10\/AFFICHE-FINALE-CONFERENCE-19-OCTOBRE-2017-768x1086.jpg 768w, https:\/\/mohamedhassanouazzani.org\/wp-content\/uploads\/2017\/10\/AFFICHE-FINALE-CONFERENCE-19-OCTOBRE-2017-724x1024.jpg 724w, https:\/\/mohamedhassanouazzani.org\/wp-content\/uploads\/2017\/10\/AFFICHE-FINALE-CONFERENCE-19-OCTOBRE-2017-600x848.jpg 600w\" sizes=\"(max-width: 1654px) 100vw, 1654px\" \/><\/a>[\/vc_column_text][\/vc_column_inner][vc_column_inner width=\u00a0\u00bb1\/2&Prime;][vc_column_text]<\/p>\n<article class=\"post post-large post-4402 type-post status-publish format-standard has-post-thumbnail hentry category-conferences\">\n<div class=\"post-content\" style=\"text-align: center;\">\n<div class=\"entry-content\">\n<h3><\/h3>\n<h3><\/h3>\n<h3><\/h3>\n<h1><\/h1>\n<h3><\/h3>\n<p><span style=\"color: #000000;\"><em>Le\u00a0<strong>19 Octobre 2017<\/strong>, s\u2019est tenue au\u00a0<strong>Centre Mohamed Hassan Ouazzani pour la D\u00e9mocratie et le D\u00e9veloppement Humain<\/strong>, la\u00a0\u00a0<strong>5<\/strong>\u00e8me conf\u00e9rence au titre de l\u2019ann\u00e9e 2017. Le sujet\u00a0 propos\u00e9 par la Professeure\u00a0<strong>Fadma AIT MOUS\u00a0 <\/strong>, est intitul\u00e9\u00a0<\/em><span style=\"color: #993300;\"><strong><em>\u00ab Les Soulaliyates en mouvement: lutte pour l\u2019\u00e9galit\u00e9 et le droit \u00e0 la terre \u00bb<\/em><\/strong><\/span><em>. Elle a \u00e9t\u00e9 pr\u00e9sid\u00e9e et mod\u00e9r\u00e9e par le Professeur\u00a0<strong>Mohamed MOUAQIT<\/strong>, membre du Conseil Ex\u00e9cutif du Centre.<\/em><strong><em>\u00a0<\/em><\/strong><\/span><\/p>\n<p><span style=\"color: #993300;\">************<\/span><\/p>\n<p><span style=\"color: #000000;\"><em>La conf\u00e9renci\u00e8re a parl\u00e9 du mouvement des Soulaliyates, qui est une mobilisation n\u00e9e en 2007 d\u2019une collaboration in\u00e9dite entre des femmes originaires de diverses collectivit\u00e9s et l\u2019Association d\u00e9mocratique des femmes du Maroc. Ce mouvement revendique le droit pour les Soulaliyates de percevoir, comme les hommes, les indemnisations g\u00e9n\u00e9r\u00e9es par les op\u00e9rations de cession de terres collectives. La Professeure <strong>Fadma AIT MOUS \u00a0<\/strong>a pr\u00e9sent\u00e9 une<\/em> analyse focalis\u00e9e sur<strong>\u00a0 <\/strong><em>les arguments et les r\u00e9f\u00e9rentiels utilis\u00e9s \u00e0 diff\u00e9rentes \u00e9chelles par les acteurs mobilis\u00e9s au sein du mouvement des Soulaliyates. Cette analyse s&rsquo;est int\u00e9ress\u00e9e principalement aux mani\u00e8res dont ce mouvement mobilise et r\u00e9interpr\u00e8te diff\u00e9rentes r\u00e9f\u00e9rences juridiques pour justifier et l\u00e9gitimer publiquement ses revendications.<\/em><em>\u00a0<\/em><\/span><\/p>\n<p><span style=\"color: #993300;\">************<\/span><\/p>\n<p><span style=\"color: #000000;\"><em>L\u2019assistance a \u00e9t\u00e9 captiv\u00e9e par le sujet trait\u00e9 par notre conf\u00e9renci\u00e8re. Le public a \u00e9t\u00e9 tr\u00e8s r\u00e9actif aux sujets \u00e9voqu\u00e9s\u00a0; les nombreuses interventions lors du d\u00e9bat, qu\u2019il s\u2019agisse de t\u00e9moignages ou de questions et suggestions, attestent de l&rsquo;importance du sujet et de l\u2019int\u00e9r\u00eat de poursuivre nos r\u00e9flexions sur cette question d\u00e9licate.<\/em><\/span><\/p>\n<p>&nbsp;<\/p>\n<h1><\/h1>\n<\/div>\n<div class=\"entry-content\"><span style=\"color: #000000;\">\u00a0<\/span><\/div>\n<\/div>\n<\/article>\n<p>[\/vc_column_text][\/vc_column_inner][\/vc_row_inner][\/vc_tta_section][vc_tta_section title=\u00a0\u00bbParticipants\u00a0\u00bb tab_id=\u00a0\u00bb1451151562251-1ce0c959-e22f\u00a0\u00bb][vc_row_inner][vc_column_inner width=\u00a0\u00bb1\/2&Prime;][vc_column_text]<\/p>\n<p style=\"text-align: center;\"><a href=\"http:\/\/mohamedhassanouazzani.org\/wp-content\/uploads\/2017\/10\/photo-professeur-mouqit.jpg\" rel=\"attachment wp-att-6849\"><img loading=\"lazy\" class=\" wp-image-6849 aligncenter\" src=\"http:\/\/mohamedhassanouazzani.org\/wp-content\/uploads\/2017\/10\/photo-professeur-mouqit.jpg\" alt=\"photo professeur mouqit\" width=\"303\" height=\"383\" \/><\/a><\/p>\n<p style=\"text-align: center;\"><strong>Pr\u00e9sident\u00a0de s\u00e9ance<\/strong><\/p>\n<p style=\"text-align: center;\"><strong><a href=\"http:\/\/mohamedhassanouazzani.org\/?p=4304\">Mohammed Mouaqit<\/a><\/strong><\/p>\n<p><em><strong>Mohammed Mouaqit<\/strong><\/em>\u00a0est\u00a0 docteur d\u2019Etat en Sciences Politiques de l\u2019Universit\u00e9 Paris II. France.\u00a0Il est actuellement professeur\u00a0 de sciences politiques \u00e0 la Facult\u00e9 des sciences juridiques, \u00e9conomiques et sociales. Universit\u00e9 Hassan II A\u00efnChok de Casablanca.<\/p>\n<p><u><strong>Th\u00e8mes de recherche<br \/>\n<\/strong><\/u><\/p>\n<p>L\u2019Histoire de la pens\u00e9e politique, la sociologie politique, le Droit public musulman, la philosophie politique et les Droits de l\u2019Homme.<\/p>\n<p><strong><u>Participation \u00e0 un programme de recherche en cours<\/u><\/strong><\/p>\n<p>\u00ab\u00a0Andromaque\u00a0\u00bb\u00a0: Anthropologie du droit dans les mondes musulmans africains et asiatiques. Programme internationalde recherche sous la direction de Baudoin Dupret.[\/vc_column_text][\/vc_column_inner][vc_column_inner width=\u00a0\u00bb1\/2&Prime;][vc_column_text]<\/p>\n<p style=\"text-align: center;\"><a href=\"http:\/\/mohamedhassanouazzani.org\/wp-content\/uploads\/2017\/10\/DSC_0084.png\" rel=\"attachment wp-att-6850\"><img loading=\"lazy\" class=\"wp-image-6879 aligncenter\" src=\"http:\/\/mohamedhassanouazzani.org\/wp-content\/uploads\/2017\/10\/DSC_0084.png\" alt=\"\" width=\"258\" height=\"390\" srcset=\"https:\/\/mohamedhassanouazzani.org\/wp-content\/uploads\/2017\/10\/DSC_0084.png 700w, https:\/\/mohamedhassanouazzani.org\/wp-content\/uploads\/2017\/10\/DSC_0084-199x300.png 199w, https:\/\/mohamedhassanouazzani.org\/wp-content\/uploads\/2017\/10\/DSC_0084-679x1024.png 679w, https:\/\/mohamedhassanouazzani.org\/wp-content\/uploads\/2017\/10\/DSC_0084-600x904.png 600w\" sizes=\"(max-width: 258px) 100vw, 258px\" \/><\/a><\/p>\n<p style=\"text-align: center;\"><strong>Conf\u00e9renci\u00e8re de s\u00e9ance\u00a0<\/strong><\/p>\n<p style=\"text-align: center;\"><span style=\"color: #ff6600;\"><strong>Fadma Ait Mous<\/strong><\/span><\/p>\n<p>Dr. Fadma A\u00eft Mous est professeure assistante de Sociologie \u00e0 la facult\u00e9 des Lettres et des Sciences Humaines A\u00efnChok de l\u2019Universit\u00e9 Hassan II de Casablanca. Elle est \u00e9galement chercheure affili\u00e9e au Centre Marocain des Sciences Sociales (CM2S) dont elle assure \u00e9galement la coordination.<\/p>\n<p>Par ailleurs, elle collabore avec plusieurs centres de recherche, au niveau local et international, \u00e0 l\u2019instar du : CESEM (centre de recherche de HEM), le NIMAR-Rabat, l\u2019IRMC-Tunis, le ZMO-Berlin, l\u2019ACSS de Beyrouth\u2026<\/p>\n<p>Ses travaux s\u2019int\u00e9ressent principalement aux questions li\u00e9es au nationalisme, identit\u00e9s collectives et aux mouvements sociaux, les rapports de genre et les transformations socio-politiques, les jeunes et les usages et perceptions des r\u00e9seaux sociaux num\u00e9riques.<\/p>\n<p><strong>Parmi ses r\u00e9centes publications<\/strong> :<\/p>\n<p><strong><u>Ouvrages<\/u><\/strong><\/p>\n<ul>\n<li>Le tissu de nos singularit\u00e9s, vivre ensemble au Maroc, collectif dirig\u00e9 avec Driss Ksikes, En toutes lettres, coll. Les Presses de l\u2019universit\u00e9 citoyenne (Casablanca), 2016<\/li>\n<li>Le m\u00e9tier d\u2019intellectuel. Dialogues avec quinze penseurs du Maroc, avec Driss Ksikes, En toutes lettres, Coll. Les Presses de l\u2019universit\u00e9 citoyenne (Casablanca), 2014, prix Grand Atlas 2015 et prix Grand Atlas des \u00e9tudiants 2015<\/li>\n<\/ul>\n<p><u>Articles et chapitres d\u2019ouvrages<\/u> :<\/p>\n<p>&#8211; \u00abTransformation, Reformation or Decline?The University in Contemporary Morocco and Turkey\u201d(avec SimtenCo\u015far&amp;HakanErg\u00fcl), In Universities in the Neoliberal Era (dir. SimtenCo\u015far&amp;HakanErg\u00fcl), Part of the series Palgrave Critical University Studies, 2017, pp 145-177.<\/p>\n<p>Lien : <a href=\"https:\/\/link.springer.com\/chapter\/10.1057\/978-1-137-55212-9_7\">https:\/\/link.springer.com\/chapter\/10.1057\/978-1-137-55212-9_7<\/a><\/p>\n<p>&#8211; \u00ab Droit \u00e0 la terre et lutte pour l&rsquo;\u00e9galit\u00e9 au Maroc: Le mouvement des soulaliyates \u00bb (avec Y. Berriane), in Contester le droit : communaut\u00e9s, familles et h\u00e9ritage au Maroc. Sous la dir. de HassanRachik, La Crois\u00e9e de chemins, 2016, p.87-173.<\/p>\n<p>&#8211;\u00a0 \u00ab The Moroccan nationalist movement: from local to national networks\u00a0\u00bb in Global and Local in Algeria and Morocco. The World, The State and the Village. Edited by James McDougall, Robert P. Parks.Routledge \u2013 2015.[\/vc_column_text][\/vc_column_inner][\/vc_row_inner][\/vc_tta_section][vc_tta_section title=\u00a0\u00bbPhotos\u00a0\u00bb tab_id=\u00a0\u00bb1453810337809-a60335a8-2bdc\u00a0\u00bb][vc_gallery type=\u00a0\u00bbimage_grid\u00a0\u00bb images=\u00a0\u00bb6852,6851,6854,6853,6855,6856,6858,6857,6859&Prime; img_size=\u00a0\u00bbmedium\u00a0\u00bb][\/vc_tta_section][vc_tta_section title=\u00a0\u00bbVid\u00e9os\u00a0\u00bb tab_id=\u00a0\u00bb1508792561644-fd622f49-8e8d\u00a0\u00bb][vc_row_inner][vc_column_inner width=\u00a0\u00bb1\/3&Prime;][vc_video link=\u00a0\u00bbhttps:\/\/www.youtube.com\/watch?v=Q7gyGFzc9aw&amp;index=4&Prime; title=\u00a0\u00bbMot d&rsquo;accueil de la pr\u00e9sidente: Dr. Houria Ouazzani\u00a0\u00bb][\/vc_column_inner][vc_column_inner width=\u00a0\u00bb1\/3&Prime;][vc_video link=\u00a0\u00bbhttps:\/\/www.youtube.com\/watch?v=DwW76AnqOLM\u00a0\u00bb title=\u00a0\u00bbConf\u00e9rencier &#8211; Fadma Ait Mous &#8211; Professeure assistante de Sociologie\u00a0\u00bb][\/vc_column_inner][vc_column_inner width=\u00a0\u00bb1\/3&Prime;][vc_video link=\u00a0\u00bbhttps:\/\/www.youtube.com\/watch?v=UOu9mnBGdVM\u00a0\u00bb title=\u00a0\u00bbD\u00e9bats &#8211; Les Soulaliyates en mouvement: lutte pour l&rsquo;\u00e9galit\u00e9 et le droit \u00e0 la terre\u00a0\u00bb][\/vc_column_inner][\/vc_row_inner][\/vc_tta_section][\/vc_tta_tabs][\/vc_column][\/vc_row]<\/p>\n<\/div>","protected":false},"excerpt":{"rendered":"<p>[vc_row][vc_column][vc_tta_tabs][vc_tta_section title=\u00a0\u00bbPr\u00e9sentation\u00a0\u00bb tab_id=\u00a0\u00bb1459958412083-252f22b3-80ae\u00a0\u00bb][vc_row_inner][vc_column_inner width=\u00a0\u00bb1\/2&Prime;][vc_empty_space][vc_column_text][\/vc_column_text][\/vc_column_inner][vc_column_inner width=\u00a0\u00bb1\/2&Prime;][vc_column_text] Le\u00a019 Octobre 2017, s\u2019est tenue au\u00a0Centre Mohamed Hassan Ouazzani pour la D\u00e9mocratie et le D\u00e9veloppement Humain, la\u00a0\u00a05\u00e8me conf\u00e9rence au titre de l\u2019ann\u00e9e 2017. Le sujet\u00a0 propos\u00e9 par la Professeure\u00a0Fadma AIT MOUS\u00a0 , est intitul\u00e9\u00a0\u00ab Les Soulaliyates en mouvement: lutte pour l\u2019\u00e9galit\u00e9 et le droit \u00e0 la terre \u00bb. Elle a [&hellip;]<\/p>\n","protected":false},"author":1,"featured_media":6844,"comment_status":"open","ping_status":"open","sticky":false,"template":"","format":"standard","meta":[],"categories":[61],"tags":[],"_links":{"self":[{"href":"https:\/\/mohamedhassanouazzani.org\/index.php?rest_route=\/wp\/v2\/posts\/6843"}],"collection":[{"href":"https:\/\/mohamedhassanouazzani.org\/index.php?rest_route=\/wp\/v2\/posts"}],"about":[{"href":"https:\/\/mohamedhassanouazzani.org\/index.php?rest_route=\/wp\/v2\/types\/post"}],"author":[{"embeddable":true,"href":"https:\/\/mohamedhassanouazzani.org\/index.php?rest_route=\/wp\/v2\/users\/1"}],"replies":[{"embeddable":true,"href":"https:\/\/mohamedhassanouazzani.org\/index.php?rest_route=%2Fwp%2Fv2%2Fcomments&post=6843"}],"version-history":[{"count":19,"href":"https:\/\/mohamedhassanouazzani.org\/index.php?rest_route=\/wp\/v2\/posts\/6843\/revisions"}],"predecessor-version":[{"id":6881,"href":"https:\/\/mohamedhassanouazzani.org\/index.php?rest_route=\/wp\/v2\/posts\/6843\/revisions\/6881"}],"wp:featuredmedia":[{"embeddable":true,"href":"https:\/\/mohamedhassanouazzani.org\/index.php?rest_route=\/wp\/v2\/media\/6844"}],"wp:attachment":[{"href":"https:\/\/mohamedhassanouazzani.org\/index.php?rest_route=%2Fwp%2Fv2%2Fmedia&parent=6843"}],"wp:term":[{"taxonomy":"category","embeddable":true,"href":"https:\/\/mohamedhassanouazzani.org\/index.php?rest_route=%2Fwp%2Fv2%2Fcategories&post=6843"},{"taxonomy":"post_tag","embeddable":true,"href":"https:\/\/mohamedhassanouazzani.org\/index.php?rest_route=%2Fwp%2Fv2%2Ftags&post=6843"}],"curies":[{"name":"wp","href":"https:\/\/api.w.org\/{rel}","templated":true}]}}