{"id":6628,"date":"2017-05-04T13:58:04","date_gmt":"2017-05-04T12:58:04","guid":{"rendered":"http:\/\/mohamedhassanouazzani.org\/?p=6628"},"modified":"2017-05-16T17:56:24","modified_gmt":"2017-05-16T16:56:24","slug":"pour-un-developpement-autonome-dans-les-zones-rurales-lecons-dun-tour-du-monde-2","status":"publish","type":"post","link":"https:\/\/mohamedhassanouazzani.org\/?p=6628","title":{"rendered":"Pour un d\u00e9veloppement autonome dans les zones rurales: Le\u00e7ons d&rsquo;un tour du monde"},"content":{"rendered":"<div class=\"wpb-content-wrapper\"><p>[vc_row][vc_column][vc_tta_tabs][vc_tta_section title=\u00a0\u00bbPr\u00e9sentation\u00a0\u00bb tab_id=\u00a0\u00bb1459958412083-252f22b3-80ae\u00a0\u00bb][vc_row_inner][vc_column_inner width=\u00a0\u00bb1\/2&Prime;][vc_empty_space][vc_column_text]<a href=\"http:\/\/mohamedhassanouazzani.org\/wp-content\/uploads\/2017\/04\/Affiche-conference-27-avril-Copie-1.jpg\"><img loading=\"lazy\" class=\"alignnone wp-image-6598 size-full\" src=\"http:\/\/mohamedhassanouazzani.org\/wp-content\/uploads\/2017\/04\/Affiche-conference-27-avril-Copie-1.jpg\" alt=\"\" width=\"1654\" height=\"2339\" srcset=\"https:\/\/mohamedhassanouazzani.org\/wp-content\/uploads\/2017\/04\/Affiche-conference-27-avril-Copie-1.jpg 1654w, https:\/\/mohamedhassanouazzani.org\/wp-content\/uploads\/2017\/04\/Affiche-conference-27-avril-Copie-1-212x300.jpg 212w, https:\/\/mohamedhassanouazzani.org\/wp-content\/uploads\/2017\/04\/Affiche-conference-27-avril-Copie-1-768x1086.jpg 768w, https:\/\/mohamedhassanouazzani.org\/wp-content\/uploads\/2017\/04\/Affiche-conference-27-avril-Copie-1-724x1024.jpg 724w, https:\/\/mohamedhassanouazzani.org\/wp-content\/uploads\/2017\/04\/Affiche-conference-27-avril-Copie-1-600x848.jpg 600w\" sizes=\"(max-width: 1654px) 100vw, 1654px\" \/><\/a>[\/vc_column_text][\/vc_column_inner][vc_column_inner width=\u00a0\u00bb1\/2&Prime;][vc_column_text]<\/p>\n<article class=\"post post-large post-4402 type-post status-publish format-standard has-post-thumbnail hentry category-conferences\">\n<div class=\"post-content\" style=\"text-align: center;\">\n<div class=\"entry-content\">\n<p>&nbsp;<\/p>\n<p><em>Le<strong> 27 Avril 2017<\/strong>, s&rsquo;est tenue au <strong>Centre Mohamed Hassan Ouazzani pour la D\u00e9mocratie et le D\u00e9veloppement Humain<\/strong>, la\u00a0 3\u00e8me conf\u00e9rence au titre de l&rsquo;ann\u00e9e 2017.Le sujet\u00a0 propos\u00e9 par M. <strong>Ahmed BENABADJI<\/strong>, co-fondateur d\u2019Open-Villages,est intitul\u00e9 <span style=\"color: #008000;\">\u00a0<strong>\u00ab\u00a0<\/strong><strong><span style=\"color: #008000;\">Po<\/span>ur un d\u00e9veloppement autonome dans les zones rurales: Le\u00e7ons d\u2019un tour du monde \u00bb<\/strong><\/span>. Elle a \u00e9t\u00e9 pr\u00e9sid\u00e9e par <strong>Dr Houria OUAZZANI<\/strong>, Pr\u00e9sidente du Centre et mod\u00e9r\u00e9e par le Professeur <strong><a href=\"http:\/\/mohamedhassanouazzani.org\/?p=4902\">Antoine FLEURY<\/a><\/strong>.<\/em><\/p>\n<p><em>Le conf\u00e9rencier a expos\u00e9 les points saillants de son voyage avec sa famille autour du monde durant une ann\u00e9e. Il a fait part des d\u00e9couvertes et des exp\u00e9riences dans plusieurs villages d\u2019Afrique, d\u2019Asie et d\u2019Am\u00e9rique\u00a0; ces villages ont fait le choix d\u2019une autonomie d\u2019existence et de d\u00e9veloppement\u00a0 durable de leur communaut\u00e9 face \u00e0 un environnement engag\u00e9 dans la course \u00e0 la production, environnement particuli\u00e8rement mena\u00e7ant pour leurs conditions de vie et leur culture.<\/em><\/p>\n<p><em>Les le\u00e7ons tir\u00e9es des v\u00e9cus dans ces soci\u00e9t\u00e9s vivant en marge du monde dit d\u00e9velopp\u00e9 par <strong>Ahmed BENABADJI<\/strong> sont tr\u00e8s enrichissantes. Il a su transmettre aux participants les enseignements acquis dans les Open-Villages visit\u00e9s, notamment dans la perspective d\u2019une nouvelle conception du d\u00e9veloppement des villages et douars marocains. Il a d\u00e9fini des types d\u2019\u00e9conomies existants dans ces villages\u00a0; il a notamment d\u00e9gag\u00e9 ce qu\u2019il appelle \u00a0des secrets li\u00e9s \u00e0 l\u2019\u00e9cosyst\u00e8me, \u00e0 la culture, \u00e0 la d\u00e9mocratie locale, aux pratiques de solidarit\u00e9 identifi\u00e9es qui permettent \u00e0 ces communaut\u00e9s de survivre et de se d\u00e9velopper par elles-m\u00eames.<\/em><\/p>\n<p><em>L\u2019assistance a \u00e9t\u00e9 tr\u00e8s impressionn\u00e9e par l\u2019aventure humaine du conf\u00e9rencier et de sa famille\u00a0; elle a \u00e9t\u00e9 tr\u00e8s r\u00e9active aux sujets \u00e9voqu\u00e9s\u00a0; les nombreuses interventions lors du d\u00e9bat, qu\u2019il s\u2019agisse de t\u00e9moignages ou de questions et suggestions, attestent de l\u2019int\u00e9r\u00eat de poursuivre nos r\u00e9flexions sur les modes de d\u00e9veloppement des soci\u00e9t\u00e9s actuelles et \u00e0 venir.<\/em><\/p>\n<p>&nbsp;<\/p>\n<\/div>\n<\/div>\n<\/article>\n<p>[\/vc_column_text][\/vc_column_inner][\/vc_row_inner][\/vc_tta_section][vc_tta_section title=\u00a0\u00bbParticipants\u00a0\u00bb tab_id=\u00a0\u00bb1451151562251-1ce0c959-e22f\u00a0\u00bb][vc_row_inner][vc_column_inner width=\u00a0\u00bb1\/2&Prime;][vc_column_text]<\/p>\n<p style=\"text-align: justify;\"><a href=\"http:\/\/mohamedhassanouazzani.org\/wp-content\/uploads\/2016\/10\/DSC_0018.jpg\" rel=\"attachment wp-att-4836\"><img loading=\"lazy\" class=\"aligncenter wp-image-6352\" src=\"http:\/\/mohamedhassanouazzani.org\/wp-content\/uploads\/2016\/10\/DSC_0018-300x249.jpg\" alt=\"\" width=\"192\" height=\"159\" srcset=\"https:\/\/mohamedhassanouazzani.org\/wp-content\/uploads\/2016\/10\/DSC_0018-300x249.jpg 300w, https:\/\/mohamedhassanouazzani.org\/wp-content\/uploads\/2016\/10\/DSC_0018-768x637.jpg 768w, https:\/\/mohamedhassanouazzani.org\/wp-content\/uploads\/2016\/10\/DSC_0018-1024x850.jpg 1024w, https:\/\/mohamedhassanouazzani.org\/wp-content\/uploads\/2016\/10\/DSC_0018-600x498.jpg 600w\" sizes=\"(max-width: 192px) 100vw, 192px\" \/><\/a><\/p>\n<p style=\"text-align: center;\"><strong>Mod\u00e9rateur\u00a0de s\u00e9ance :<\/strong><\/p>\n<p style=\"text-align: center;\"><strong><a href=\"http:\/\/mohamedhassanouazzani.org\/?p=4902\">Antoine Fleury<\/a><\/strong><\/p>\n<p style=\"text-align: justify;\"><strong><em>Antoine Fleury<\/em><\/strong> est professeur \u00e9m\u00e9rite de l\u2019Universit\u00e9 de Gen\u00e8ve o\u00f9 il a enseign\u00e9 \u00a0l\u2019histoire des relations internationales et de l\u2019int\u00e9gration europ\u00e9enne. Ses recherches et ses publications portent sur l\u2019histoire des relations internationales au XXe si\u00e8cle, notamment sous l\u2019angle de la coop\u00e9ration que ce soit dans l\u2019entre-deux-guerres \u2013 Soci\u00e9t\u00e9 des Nations, Plan Briand d\u2019Union europ\u00e9enne \u2013 ou apr\u00e8s la deuxi\u00e8me guerre mondiale.<\/p>\n<p style=\"text-align: justify;\"><strong>Fonctions diverses<\/strong><\/p>\n<p style=\"text-align: justify;\">Secr\u00e9taire g\u00e9n\u00e9ral de l\u2019Association internationale d\u2019histoire contemporaine de l\u2019Europe depuis 1976\u00a0: r\u00e9daction d\u2019un Bulletin et organisation en collaboration avec divers coll\u00e8gues de colloques internationaux sur l\u2019histoire de l\u2019Europe contemporaine (cf. publications).<\/p>\n<p style=\"text-align: justify;\">Membre du Comit\u00e9 de r\u00e9daction de la revue <em>Relations internationales<\/em> depuis 1985.<\/p>\n<p style=\"text-align: justify;\">Membre du Conseil de la Soci\u00e9t\u00e9 suisse d\u2019histoire depuis 1998.<\/p>\n<p style=\"text-align: justify;\">Directeur de la <em>Fondation Archives europ\u00e9ennes<\/em> depuis 1987, puis pr\u00e9sident de la Commission des archives europ\u00e9ennes de l\u2019Institut europ\u00e9en de l\u2019Universit\u00e9 de Gen\u00e8ve.<\/p>\n<p style=\"text-align: justify;\">Membre du comit\u00e9 directeur du programme international de recherche sur <em>\u00a0Les identit\u00e9s europ\u00e9ennes au XXe si\u00e8cle<\/em>\u00a0 cr\u00e9\u00e9 en 1989 \u00e0 Paris sous la direction du regrett\u00e9 Ren\u00e9 Girault et actuellement de Robert Frank, \u00e0 Paris I, avec le concours du Groupe de liaison des professeurs d\u2019histoire contemporaine aupr\u00e8s de la Commission europ\u00e9enne et des chaires Jean Monnet (Histoire). Coresponsable du groupe de recherche sur <em>Le r\u00f4le des guerres dans la m\u00e9moire des Europ\u00e9ens.<\/em> (cf. publications).<\/p>\n<p style=\"text-align: justify;\">Membre du comit\u00e9 de la commission internationale d\u2019histoire des relations internationale (1982-1995) et coresponsable du dossier relatif \u00e0 l\u2019utilisation des archives des organisations internationales par les historiens. Contribution \u00e0 plusieurs colloques ou r\u00e9unions de travail.<\/p>\n<p style=\"text-align: justify;\">Membre associ\u00e9 de l\u2019\u00e9quipe de recherche du CNRS sur <em>La d\u00e9fense et la diplomatie des moyennes puissances<\/em> aupr\u00e8s de l\u2019Institut d\u2019histoire des conflits contemporains \u00e0 Paris d\u00e8s 1984.<\/p>\n<p style=\"text-align: justify;\">\u2026 <a href=\"http:\/\/mohamedhassanouazzani.org\/?p=4902\">lire la suite<\/a>.<\/p>\n<p>[\/vc_column_text][\/vc_column_inner][vc_column_inner width=\u00a0\u00bb1\/2&Prime;][vc_column_text]<\/p>\n<p style=\"text-align: justify;\"><a href=\"http:\/\/mohamedhassanouazzani.org\/wp-content\/uploads\/2017\/05\/DSC_0475.jpg\" rel=\"attachment wp-att-6656\"><img loading=\"lazy\" class=\"wp-image-6656 aligncenter\" src=\"http:\/\/mohamedhassanouazzani.org\/wp-content\/uploads\/2017\/05\/DSC_0475.jpg\" alt=\"DSC_0475\" width=\"107\" height=\"161\" srcset=\"https:\/\/mohamedhassanouazzani.org\/wp-content\/uploads\/2017\/05\/DSC_0475.jpg 2848w, https:\/\/mohamedhassanouazzani.org\/wp-content\/uploads\/2017\/05\/DSC_0475-199x300.jpg 199w, https:\/\/mohamedhassanouazzani.org\/wp-content\/uploads\/2017\/05\/DSC_0475-768x1156.jpg 768w, https:\/\/mohamedhassanouazzani.org\/wp-content\/uploads\/2017\/05\/DSC_0475-680x1024.jpg 680w, https:\/\/mohamedhassanouazzani.org\/wp-content\/uploads\/2017\/05\/DSC_0475-600x903.jpg 600w\" sizes=\"(max-width: 107px) 100vw, 107px\" \/><\/a><\/p>\n<p style=\"text-align: center;\"><strong>Conf\u00e9rencier\u00a0de s\u00e9ance :<\/strong><\/p>\n<p style=\"text-align: center;\"><span style=\"text-decoration: underline;\"><b>Ahmed BENABADJI<\/b><\/span><\/p>\n<p style=\"text-align: justify;\"><strong>Ahmed Benabadji<\/strong> est consultant international aussi bien pour de petites entreprises qu\u2019aupr\u00e8s de grandes Banques Centrales qu\u2019il accompagne sur des probl\u00e9matiques strat\u00e9giques et d\u2019organisation. \u00a0Il est aussi entrepreneur et chef d\u2019entreprise et a v\u00e9cu et travaill\u00e9 au Maroc, en France et aux Etats Unis. Il est titulaire d\u2019un MBA du Massachusetts Institute of Technology (MIT) apr\u00e8s avoir \u00e9t\u00e9 dipl\u00f4m\u00e9 de l\u2019EDHEC et de l\u2019Ecole Sup\u00e9rieure de Commerce de Paris.<\/p>\n<p style=\"text-align: justify;\">En 2007, il d\u00e9couvre avec sa femme Karine le village de Tizi n\u2019Oucheg dans le Haut-Atlas. Le couple d\u00e9cide alors de participer \u00e0 l\u2019aventure extraordinaire de ce village qui a d\u00e9cid\u00e9 de se d\u00e9velopper en autonomie en privil\u00e9giant la qualit\u00e9 de vie des habitants. S\u2019ensuivent alors 10 ann\u00e9es de travail avec une communaut\u00e9 qui a su transformer ses handicaps en atouts et ses ressources limit\u00e9es en richesses. \u00a0Le succ\u00e8s est tel que des habitants qui avaient quitt\u00e9 le village faute de perspectives reviennent s\u2019installer dans leurs anciennes maisons.<\/p>\n<p style=\"text-align: justify;\">En 2013, <strong>Ahmed et Karine Benabadji<\/strong> d\u00e9cident de partir avec leur 5 enfants (qui ont entre 25 ans et 10 ans) pour d\u00e9couvrir d\u2019autres villages ayant fait le m\u00eame choix d\u2019un d\u00e9veloppement autonome centr\u00e9 sur l\u2019humain. Apr\u00e8s 2 ann\u00e9es de recherches et de pr\u00e9paration, ils quittent le Maroc en septembre 2015 dans un voyage autour du monde qui durera 12 mois et qui les am\u00e8nera au S\u00e9n\u00e9gal, en Ouganda, en Inde, au Vietnam, aux Philippines, en Nouvelle Z\u00e9lande, en Australie, au Mexique, \u00e0 Cuba, au Costa Rica, en Colombie, au P\u00e9rou, en Bolivie, et au Br\u00e9sil. Ils reviennent de ce p\u00e9riple avec la conviction qu\u2019un autre mode de d\u00e9veloppement est possible et qu\u2019il peut m\u00eame \u00eatre mis en \u0153uvre avec une assistance minimale de l\u2019Etat.<\/p>\n<p style=\"text-align: justify;\">A leur retour, ils ont cr\u00e9\u00e9 l\u2019association Open-Village dont l\u2019objectif est de diffuser les enseignements qu\u2019ils ont collect\u00e9 lors de leur tour du monde et d\u2019accompagner les villages qui souhaiteraient se d\u00e9velopper selon les principes et les bonnes pratiques qu\u2019ils ont recueillies.<\/p>\n<p style=\"text-align: justify;\"><strong>Ahmed Benabadji<\/strong> donne des conf\u00e9rences r\u00e9guli\u00e8rement sur les sujets connexes au d\u00e9veloppement rural, aux apprentissages de leur tour du monde et \u00e0 la transformation \u00e9conomique et sociale qu\u2019il appelle de ses v\u0153ux pour relever les d\u00e9fis de la pauvret\u00e9, du sous-d\u00e9veloppement et de la protection de la plan\u00e8te.<\/p>\n<p style=\"text-align: justify;\">Un livre est en cours d\u2019\u00e9criture sur leur aventure familiale et sur ce qu\u2019ils y ont appris.<\/p>\n<p>[\/vc_column_text][\/vc_column_inner][\/vc_row_inner][\/vc_tta_section][vc_tta_section title=\u00a0\u00bbVid\u00e9os\u00a0\u00bb tab_id=\u00a0\u00bb1451151647821-e7821d90-5391&Prime;][vc_row_inner css=\u00a0\u00bb.vc_custom_1494953597550{background-color: #ffffff !important;}\u00a0\u00bb][vc_column_inner width=\u00a0\u00bb1\/4&Prime;][vc_video link=\u00a0\u00bbhttps:\/\/www.youtube.com\/watch?v=Ox8xQNydGRI\u00a0\u00bb][\/vc_column_inner][vc_column_inner width=\u00a0\u00bb1\/4&Prime;][vc_video link=\u00a0\u00bbhttps:\/\/www.youtube.com\/watch?v=-a4W3feWYxw\u00a0\u00bb][\/vc_column_inner][vc_column_inner width=\u00a0\u00bb1\/4&Prime;][vc_video link=\u00a0\u00bbhttps:\/\/www.youtube.com\/watch?v=RQ9HJ39dF18&Prime;][\/vc_column_inner][vc_column_inner width=\u00a0\u00bb1\/4&Prime;][vc_video link=\u00a0\u00bbhttps:\/\/www.youtube.com\/watch?v=UM-ERGGD5jI\u00a0\u00bb][\/vc_column_inner][\/vc_row_inner][\/vc_tta_section][vc_tta_section title=\u00a0\u00bbPhotos\u00a0\u00bb tab_id=\u00a0\u00bb1453810337809-a60335a8-2bdc\u00a0\u00bb][vc_gallery type=\u00a0\u00bbimage_grid\u00a0\u00bb images=\u00a0\u00bb6664,6665,6666,6667,6668,6669,6670,6672,6673,6674,6675,6676&Prime; img_size=\u00a0\u00bbmedium\u00a0\u00bb][\/vc_tta_section][\/vc_tta_tabs][\/vc_column][\/vc_row]<\/p>\n<\/div>","protected":false},"excerpt":{"rendered":"<p>[vc_row][vc_column][vc_tta_tabs][vc_tta_section title=\u00a0\u00bbPr\u00e9sentation\u00a0\u00bb tab_id=\u00a0\u00bb1459958412083-252f22b3-80ae\u00a0\u00bb][vc_row_inner][vc_column_inner width=\u00a0\u00bb1\/2&Prime;][vc_empty_space][vc_column_text][\/vc_column_text][\/vc_column_inner][vc_column_inner width=\u00a0\u00bb1\/2&Prime;][vc_column_text] &nbsp; Le 27 Avril 2017, s&rsquo;est tenue au Centre Mohamed Hassan Ouazzani pour la D\u00e9mocratie et le D\u00e9veloppement Humain, la\u00a0 3\u00e8me conf\u00e9rence au titre de l&rsquo;ann\u00e9e 2017.Le sujet\u00a0 propos\u00e9 par M. Ahmed BENABADJI, co-fondateur d\u2019Open-Villages,est intitul\u00e9 \u00a0\u00ab\u00a0Pour un d\u00e9veloppement autonome dans les zones rurales: Le\u00e7ons d\u2019un tour du monde \u00bb. [&hellip;]<\/p>\n","protected":false},"author":1,"featured_media":6598,"comment_status":"open","ping_status":"open","sticky":false,"template":"","format":"standard","meta":[],"categories":[61],"tags":[],"_links":{"self":[{"href":"https:\/\/mohamedhassanouazzani.org\/index.php?rest_route=\/wp\/v2\/posts\/6628"}],"collection":[{"href":"https:\/\/mohamedhassanouazzani.org\/index.php?rest_route=\/wp\/v2\/posts"}],"about":[{"href":"https:\/\/mohamedhassanouazzani.org\/index.php?rest_route=\/wp\/v2\/types\/post"}],"author":[{"embeddable":true,"href":"https:\/\/mohamedhassanouazzani.org\/index.php?rest_route=\/wp\/v2\/users\/1"}],"replies":[{"embeddable":true,"href":"https:\/\/mohamedhassanouazzani.org\/index.php?rest_route=%2Fwp%2Fv2%2Fcomments&post=6628"}],"version-history":[{"count":28,"href":"https:\/\/mohamedhassanouazzani.org\/index.php?rest_route=\/wp\/v2\/posts\/6628\/revisions"}],"predecessor-version":[{"id":6693,"href":"https:\/\/mohamedhassanouazzani.org\/index.php?rest_route=\/wp\/v2\/posts\/6628\/revisions\/6693"}],"wp:featuredmedia":[{"embeddable":true,"href":"https:\/\/mohamedhassanouazzani.org\/index.php?rest_route=\/wp\/v2\/media\/6598"}],"wp:attachment":[{"href":"https:\/\/mohamedhassanouazzani.org\/index.php?rest_route=%2Fwp%2Fv2%2Fmedia&parent=6628"}],"wp:term":[{"taxonomy":"category","embeddable":true,"href":"https:\/\/mohamedhassanouazzani.org\/index.php?rest_route=%2Fwp%2Fv2%2Fcategories&post=6628"},{"taxonomy":"post_tag","embeddable":true,"href":"https:\/\/mohamedhassanouazzani.org\/index.php?rest_route=%2Fwp%2Fv2%2Ftags&post=6628"}],"curies":[{"name":"wp","href":"https:\/\/api.w.org\/{rel}","templated":true}]}}