{"id":4948,"date":"2015-04-30T16:00:57","date_gmt":"2015-04-30T15:00:57","guid":{"rendered":"http:\/\/2fois11.com\/ouazzani\/?p=4948"},"modified":"2016-10-31T11:43:06","modified_gmt":"2016-10-31T10:43:06","slug":"le-mouvement-migratoire-marocain-influence-sur-leconomie-et-la-securite-du-maroc-2","status":"publish","type":"post","link":"https:\/\/mohamedhassanouazzani.org\/?p=4948","title":{"rendered":"Le mouvement migratoire marocain : influence sur l&rsquo;\u00e9conomie et la s\u00e9curit\u00e9 du Maroc"},"content":{"rendered":"<div class=\"wpb-content-wrapper\"><p>[vc_row][vc_column][vc_tta_tabs][vc_tta_section title=\u00a0\u00bbPr\u00e9sentation\u00a0\u00bb tab_id=\u00a0\u00bb1459961869547-cd98a186-b234&Prime;][vc_row_inner][vc_column_inner width=\u00a0\u00bb1\/2&Prime;][vc_column_text]<img loading=\"lazy\" class=\"aligncenter wp-image-4315\" src=\"http:\/\/2fois11.com\/ouazzani\/wp-content\/uploads\/2015\/12\/Affiche_30-04-2015-224x300.jpg\" alt=\"\" width=\"300\" height=\"402\" srcset=\"https:\/\/mohamedhassanouazzani.org\/wp-content\/uploads\/2015\/12\/Affiche_30-04-2015-224x300.jpg 224w, https:\/\/mohamedhassanouazzani.org\/wp-content\/uploads\/2015\/12\/Affiche_30-04-2015-768x1029.jpg 768w, https:\/\/mohamedhassanouazzani.org\/wp-content\/uploads\/2015\/12\/Affiche_30-04-2015-764x1024.jpg 764w, https:\/\/mohamedhassanouazzani.org\/wp-content\/uploads\/2015\/12\/Affiche_30-04-2015-600x804.jpg 600w, https:\/\/mohamedhassanouazzani.org\/wp-content\/uploads\/2015\/12\/Affiche_30-04-2015.jpg 1110w\" sizes=\"(max-width: 300px) 100vw, 300px\" \/>[\/vc_column_text][\/vc_column_inner][vc_column_inner width=\u00a0\u00bb1\/2&Prime;][vc_empty_space height=\u00a0\u00bb15px\u00a0\u00bb][vc_column_text]<\/p>\n<p style=\"text-align: center;\">Dans le cadre de son cycle de conf\u00e9rences mensuelles pour l\u2019ann\u00e9e 2015,<\/p>\n<p style=\"text-align: center;\">le Centre Mohamed Hassan Ouazzani pour la D\u00e9mocratie et le D\u00e9veloppement Humain a organis\u00e9 sa 4\u00e8me conf\u00e9rence le jeudi\u00a030 avril 2015 \u00e0 16h00.<\/p>\n<p style=\"text-align: center;\">Cette conf\u00e9rence a port\u00e9 sur le th\u00e8me\u00a0<em><strong>\u201cLe mouvement migratoire marocain : influence sur l\u2019\u00e9conomie et la s\u00e9curit\u00e9 du Maroc\u201d<\/strong><\/em>\u00a0et a \u00e9t\u00e9 pr\u00e9sid\u00e9e par Professeur\u00a0<strong><a href=\"http:\/\/mohamedhassanouazzani.org\/?p=4857\">Hassan Ouazzani-Chahdi<\/a>\u00a0<\/strong>et\u00a0anim\u00e9e par Monsieur\u00a0<strong><a href=\"http:\/\/mohamedhassanouazzani.org\/?p=4972\">Mustapha Ouazzani-Chahdi<\/a><\/strong>, ancien r\u00e9fugi\u00e9 politique, sp\u00e9cialiste de l\u2019immigration arabo-musulmane vers l\u2019Europe.<\/p>\n<p style=\"text-align: center;\">Le mouvement migratoire marocain est, sur le plan \u00e9conomique, une h\u00e9morragie plus qu\u2019il n\u2019est une soupape. Sur le plan s\u00e9curitaire, il est une arme \u00e0 double tranchant, surtout dans la conjoncture mondiale actuelle o\u00f9 s\u00e9vit le \u00ab\u00a0terrorisme international\u00a0\u00bb.<\/p>\n<p style=\"text-align: center;\">Cette Conf\u00e9rence a tent\u00e9 de mettre en exergue cette dualit\u00e9 et d\u2019en analyser les cons\u00e9quences tant \u00e0 l\u2019int\u00e9rieur qu\u2019\u00e0 l\u2019ext\u00e9rieur du Maroc.<\/p>\n<p>[\/vc_column_text][\/vc_column_inner][\/vc_row_inner][\/vc_tta_section][vc_tta_section title=\u00a0\u00bbParticipants\u00a0\u00bb tab_id=\u00a0\u00bb1451151562251-1ce0c959-e22f\u00a0\u00bb][vc_row_inner][vc_column_inner width=\u00a0\u00bb1\/2&Prime;][vc_column_text]<a href=\"http:\/\/2fois11.com\/ouazzani\/wp-content\/uploads\/2015\/02\/DSC_11732.jpg\" rel=\"attachment wp-att-4836\"><img loading=\"lazy\" class=\"wp-image-4845 size-medium aligncenter\" src=\"http:\/\/2fois11.com\/ouazzani\/wp-content\/uploads\/2015\/02\/DSC_11732-257x300.jpg\" alt=\"\" width=\"257\" height=\"300\" srcset=\"https:\/\/mohamedhassanouazzani.org\/wp-content\/uploads\/2015\/02\/DSC_11732-257x300.jpg 257w, https:\/\/mohamedhassanouazzani.org\/wp-content\/uploads\/2015\/02\/DSC_11732-600x700.jpg 600w, https:\/\/mohamedhassanouazzani.org\/wp-content\/uploads\/2015\/02\/DSC_11732.jpg 681w\" sizes=\"(max-width: 257px) 100vw, 257px\" \/><\/a><\/p>\n<p style=\"text-align: center;\"><strong>Pr\u00e9sident de s\u00e9ance :<\/strong><\/p>\n<p style=\"text-align: justify;\"><strong><a href=\"http:\/\/mohamedhassanouazzani.org\/?p=4857\">Hassan Ouzzani-Chahdi<\/a><\/strong>\u00a0est\u00a0Vice-Pr\u00e9sident du CMHO. Il est\u00a0actuellement professeur honoraire de Droit Public \u00e0 la Facult\u00e9 des sciences juridiques, \u00e9conomiques et sociales-Universit\u00e9 Hassan II A\u00efn Chok de Casablanca&#8230; <a href=\"http:\/\/mohamedhassanouazzani.org\/?p=4857\">lire la suite<\/a>.<a href=\"http:\/\/2fois11.com\/ouazzani\/?p=4857\"><br \/>\n<\/a><\/p>\n<p>[\/vc_column_text][\/vc_column_inner][vc_column_inner width=\u00a0\u00bb1\/2&Prime;][vc_column_text]<a href=\"http:\/\/2fois11.com\/ouazzani\/wp-content\/uploads\/2016\/01\/Mustapha-Ouazzani.png\" rel=\"attachment wp-att-4831\"><img loading=\"lazy\" class=\"wp-image-4949 size-medium aligncenter\" src=\"http:\/\/2fois11.com\/ouazzani\/wp-content\/uploads\/2016\/01\/Mustapha-Ouazzani-272x300.png\" alt=\"\" width=\"272\" height=\"300\" srcset=\"https:\/\/mohamedhassanouazzani.org\/wp-content\/uploads\/2016\/01\/Mustapha-Ouazzani-272x300.png 272w, https:\/\/mohamedhassanouazzani.org\/wp-content\/uploads\/2016\/01\/Mustapha-Ouazzani.png 480w\" sizes=\"(max-width: 272px) 100vw, 272px\" \/><\/a><\/p>\n<p style=\"text-align: center;\"><strong>Conf\u00e9rencier :<\/strong><\/p>\n<p style=\"text-align: justify;\">D&rsquo;abord cadre \u00e0 la Direction de la S\u00fbret\u00e9 Nationale charg\u00e9 des communications sans-fil, puis professeur d\u2019arabe au lyc\u00e9e de la mission fran\u00e7aise, <strong><a href=\"http:\/\/mohamedhassanouazzani.org\/?p=4972\">Mustapha Ouazzani<\/a><\/strong> a \u00e9t\u00e9 arr\u00eat\u00e9 en octobre 1963 et d\u00e9tenu secr\u00e8tement dans la tristement c\u00e9l\u00e8bre villa Mokri.<\/p>\n<div style=\"text-align: justify;\">Contraint de fuir le Maroc pour \u00e9viter une nouvelle arrestation, il est alors r\u00e9fugi\u00e9 politique en France o\u00f9 il exerce en tant que journaliste, sp\u00e9cialiste de l\u2019immigration et consultant en m\u00e9dias aupr\u00e8s de plusieurs Cabinets minist\u00e9riels fran\u00e7ais&#8230; <a href=\"http:\/\/mohamedhassanouazzani.org\/?p=4972\">lire la suite<\/a>.<\/div>\n<div style=\"text-align: justify;\"><\/div>\n<div style=\"text-align: justify;\"><\/div>\n<p>[\/vc_column_text][\/vc_column_inner][\/vc_row_inner][\/vc_tta_section][vc_tta_section title=\u00a0\u00bbVid\u00e9os\u00a0\u00bb tab_id=\u00a0\u00bb1451151647821-e7821d90-5391&Prime;]<style>#sbvcytc-6a9d3ef75895f-1214328021 .sbvcytc-navigation a { color: #666666; border-color:#dddddd; }#sbvcytc-6a9d3ef75895f-1214328021 .sbvcytc-navigation a:hover { color: #000000; border-color:#cccccc; }#sbvcytc-6a9d3ef75895f-1214328021 .sbvcytc-navigation .sb-loadmore-button .sb-loader > div { background-color: #666666; }#sbvcytc-6a9d3ef75895f-1214328021 .sbvcytc-navigation a.sb-next-prev { display: none !important; }#sbvcytc-6a9d3ef75895f-1214328021 .sbvcytc-title { color: #167ac6; font-size: 15px; font-weight: 700; }#sbvcytc-6a9d3ef75895f-1214328021 .sbvcytc-video:hover .sbvcytc-title { color: #3a96e1; }#sbvcytc-6a9d3ef75895f-1214328021 .sbvcytc-description { color: #333333; font-size: 13px; font-weight: 300; }#sbvcytc-6a9d3ef75895f-1214328021 .sbvcytc-video:hover .sbvcytc-description { color: #333333; }#sbvcytc-6a9d3ef75895f-1214328021 .sbvcytc-meta-item, #sbvcytc-6a9d3ef75895f-1214328021 .sbvcytc-meta { color: #333333; border-color: #333333; }#sbvcytc-6a9d3ef75895f-1214328021 .sbvcytc-video:hover .sbvcytc-meta-item, #sbvcytc-6a9d3ef75895f-1214328021 .sbvcytc-video:hover .sbvcytc-meta { color: #333333; border-color: #333333; }#sbvcytc-6a9d3ef75895f-1214328021 .sbvcytc-meta { color: #333333; }#sbvcytc-6a9d3ef75895f-1214328021 .sbvcytc-video:hover .sbvcytc-meta { color: #333333; }#sbvcytc-6a9d3ef75895f-1214328021 .sbvcytc-video { background-color: #ffffff; }#sbvcytc-6a9d3ef75895f-1214328021 .sbvcytc-video:hover { background-color: #ffffff; }#sbvcytc-6a9d3ef75895f-1214328021-popup { background-color:#ffffff; max-width:800px; }#sbvcytc-6a9d3ef75895f-1214328021-popup .sbvcytc-popup-title { color: #3a96e1; font-size: 20px; font-weight: 700; }#sbvcytc-6a9d3ef75895f-1214328021-popup .sbvcytc-popup-description, #sbvcytc-6a9d3ef75895f-1214328021-popup .sbvcytc-popup-meta { color: #666666; font-size: 13px; font-weight: 300; }#sbvcytc-6a9d3ef75895f-1214328021-popup .sbvcytc-popup-meta { color: #666666; }#sbvcytc-6a9d3ef75895f-1214328021 .sbvcytc-videos-wrapper .slick-dots li button, #sbvcytc-6a9d3ef75895f-1214328021 .sbvcytc-videos-wrapper .slick-dots li button:active { background: #999999; }#sbvcytc-6a9d3ef75895f-1214328021 .sbvcytc-videos-wrapper .slick-dots li:hover button, #sbvcytc-6a9d3ef75895f-1214328021 .sbvcytc-videos-wrapper .slick-dots li.slick-active button { background: #000000; }#sbvcytc-6a9d3ef75895f-1214328021 a.sbvcytc-slick-arrow { color: #999999; }#sbvcytc-6a9d3ef75895f-1214328021 a.sbvcytc-slick-arrow:hover { color: #000000; }<\/style><div id=\"sbvcytc-6a9d3ef75895f-1214328021\" class=\"sbvcytc-youtube-channel sbvcytc-skin-3 \"data-api_key=\"AIzaSyBLj4noPzGFkAS8CZyxekGR8lGwUgw-0pc\"data-user_id=\"FondationMHO\"data-channel_id=\"\"data-playlist_id=\"PLeDxtaExstGcdMjJGPFX-KiC2Z4UDuD_P\"data-results_per_page=\"20\"data-custom_wrapper_class=\"\"data-template=\"3\"data-layout=\"fitrows\"data-animation=\"fadeInUp\"data-no_of_columns_desktop=\"3\"data-no_of_columns_tablet=\"3\"data-no_of_columns_mobile=\"1\"data-grid_thumbnail_size=\"medium\"data-wrapper_bg_color=\"#ffffff\"data-wrapper_hover_bg_color=\"#ffffff\"data-enable_title=\"yes\"data-title_length=\"\"data-title_color=\"#167ac6\"data-title_hover_color=\"#3a96e1\"data-title_font_size=\"15\"data-title_font_weight=\"700\"data-enable_description=\"\"data-description_length=\"\"data-description_color=\"#333333\"data-description_hover_color=\"#333333\"data-description_font_size=\"13\"data-description_font_weight=\"300\"data-enable_play_icon=\"yes\"data-enable_hd_tag=\"\"data-enable_video_length=\"yes\"data-enable_video_views=\"yes\"data-enable_video_likes=\"yes\"data-enable_video_post_time=\"yes\"data-enable_social_sharing=\"yes\"data-meta_color=\"#333333\"data-meta_hover_color=\"#333333\"data-pagination_type=\"load_more\"data-load_more_text=\"Load More\"data-pagination_loader_color=\"#666666\"data-scroll_top=\"yes\"data-next_button_text=\"Suivant\"data-prev_button_text=\"Previous\"data-pagination_color=\"#666666\"data-pagination_hover_color=\"#000000\"data-pagination_border_color=\"#dddddd\"data-pagination_border_hover_color=\"#cccccc\"data-video_preview_type=\"popup_only_video\"data-popup_max_width=\"800\"data-preview_display_first=\"0\"data-preview_gallery=\"1\"data-preview_autoplay=\"1\"data-preview_related=\"0\"data-preview_information=\"1\"data-preview_controls=\"1\"data-preview_enable_title=\"yes\"data-preview_title_color=\"#3a96e1\"data-preview_title_font_size=\"20\"data-preview_title_font_weight=\"700\"data-preview_enable_description=\"yes\"data-preview_description_color=\"#666666\"data-preview_description_font_size=\"13\"data-preview_description_font_weight=\"300\"data-preview_social_share=\"yes\"data-preview_enable_meta=\"yes\"data-preview_meta_color=\"#666666\"data-enable_carousel=\"\"data-carousel_speed=\"300\"data-carousel_autoplay=\"no\"data-carousel_autoplay_speed=\"3000\"data-carousel_pause_on_hover=\"no\"data-carousel_adaptive_height=\"yes\"data-carousel_infinite=\"no\"data-carousel_pagination=\"yes\"data-carousel_arrows=\"yes\"data-carousel_draggable=\"yes\"data-carousel_rows=\"1\"data-carousel_center_mode=\"no\"data-carousel_pagination_color=\"#999999\"data-carousel_pagination_hover_color=\"#000000\"><div class=\"sbvcytc-loader\"><span><\/span><\/div><div class=\"sb-hide sbvcytc-videos-preview\"><\/div><div class=\"sb-hide sbvcytc-videos-wrapper sbvcytc-videos-fitrows sb-row\"><\/div><div class=\"sb-clear\"><\/div><div class=\"sb-hide sbvcytc-navigation\"><\/div><\/div>[\/vc_tta_section][vc_tta_section title=\u00a0\u00bbPhotos\u00a0\u00bb tab_id=\u00a0\u00bb1453810337809-a60335a8-2bdc\u00a0\u00bb][vc_gallery type=\u00a0\u00bbimage_grid\u00a0\u00bb images=\u00a0\u00bb4950,4951,4952,4969,4954,4955,4956,4957,4958,4959,4960,4961,4962,4963,4964,4965,4966,4967&Prime; img_size=\u00a0\u00bbmedium\u00a0\u00bb][\/vc_tta_section][\/vc_tta_tabs][\/vc_column][\/vc_row]<\/p>\n<\/div>","protected":false},"excerpt":{"rendered":"<p>[vc_row][vc_column][vc_tta_tabs][vc_tta_section title=\u00a0\u00bbPr\u00e9sentation\u00a0\u00bb tab_id=\u00a0\u00bb1459961869547-cd98a186-b234&Prime;][vc_row_inner][vc_column_inner width=\u00a0\u00bb1\/2&Prime;][vc_column_text][\/vc_column_text][\/vc_column_inner][vc_column_inner width=\u00a0\u00bb1\/2&Prime;][vc_empty_space height=\u00a0\u00bb15px\u00a0\u00bb][vc_column_text] Dans le cadre de son cycle de conf\u00e9rences mensuelles pour l\u2019ann\u00e9e 2015, le Centre Mohamed Hassan Ouazzani pour la D\u00e9mocratie et le D\u00e9veloppement Humain a organis\u00e9 sa 4\u00e8me conf\u00e9rence le jeudi\u00a030 avril 2015 \u00e0 16h00. Cette conf\u00e9rence a port\u00e9 sur le th\u00e8me\u00a0\u201cLe mouvement migratoire marocain : influence sur l\u2019\u00e9conomie [&hellip;]<\/p>\n","protected":false},"author":1,"featured_media":4315,"comment_status":"open","ping_status":"open","sticky":false,"template":"","format":"standard","meta":[],"categories":[61],"tags":[],"_links":{"self":[{"href":"https:\/\/mohamedhassanouazzani.org\/index.php?rest_route=\/wp\/v2\/posts\/4948"}],"collection":[{"href":"https:\/\/mohamedhassanouazzani.org\/index.php?rest_route=\/wp\/v2\/posts"}],"about":[{"href":"https:\/\/mohamedhassanouazzani.org\/index.php?rest_route=\/wp\/v2\/types\/post"}],"author":[{"embeddable":true,"href":"https:\/\/mohamedhassanouazzani.org\/index.php?rest_route=\/wp\/v2\/users\/1"}],"replies":[{"embeddable":true,"href":"https:\/\/mohamedhassanouazzani.org\/index.php?rest_route=%2Fwp%2Fv2%2Fcomments&post=4948"}],"version-history":[{"count":7,"href":"https:\/\/mohamedhassanouazzani.org\/index.php?rest_route=\/wp\/v2\/posts\/4948\/revisions"}],"predecessor-version":[{"id":6365,"href":"https:\/\/mohamedhassanouazzani.org\/index.php?rest_route=\/wp\/v2\/posts\/4948\/revisions\/6365"}],"wp:featuredmedia":[{"embeddable":true,"href":"https:\/\/mohamedhassanouazzani.org\/index.php?rest_route=\/wp\/v2\/media\/4315"}],"wp:attachment":[{"href":"https:\/\/mohamedhassanouazzani.org\/index.php?rest_route=%2Fwp%2Fv2%2Fmedia&parent=4948"}],"wp:term":[{"taxonomy":"category","embeddable":true,"href":"https:\/\/mohamedhassanouazzani.org\/index.php?rest_route=%2Fwp%2Fv2%2Fcategories&post=4948"},{"taxonomy":"post_tag","embeddable":true,"href":"https:\/\/mohamedhassanouazzani.org\/index.php?rest_route=%2Fwp%2Fv2%2Ftags&post=4948"}],"curies":[{"name":"wp","href":"https:\/\/api.w.org\/{rel}","templated":true}]}}