{"id":4667,"date":"2016-01-13T22:44:29","date_gmt":"2016-01-13T21:44:29","guid":{"rendered":"http:\/\/2fois11.com\/ouazzani\/?p=4667"},"modified":"2020-09-08T14:34:54","modified_gmt":"2020-09-08T13:34:54","slug":"fondation-mohamed-hassan-ouazzani","status":"publish","type":"post","link":"https:\/\/mohamedhassanouazzani.org\/?p=4667","title":{"rendered":"Fondation Mohamed Hassan Ouazzani"},"content":{"rendered":"<p>La premi\u00e8re partie de cette plaquette contient une esquisse biographique de Mohamed Hassan Ouazzani, depuis son enfance jusqu\u2019\u00e0 son d\u00e9c\u00e8s survenu le 9 septembre 1978. Le texte s\u2019arr\u00eate sur les \u00e9tapes cl\u00e9s de sa vie ainsi que sur les \u00e9v\u00e9nements majeurs qui ont contribu\u00e9 \u00e0 sa formation et qui ont aliment\u00e9 son combat. Cette biographie comporte quelques documents fondamentaux retranscrits ou en fac-simil\u00e9, en plus de quelques photos de Mohamed Hassan Ouazzani.<\/p>\n<p>Le deuxi\u00e8me volet recueille une partie des discours et des hommages prononc\u00e9s lors de la c\u00e9r\u00e9monie du quaranti\u00e8me jour du d\u00e9c\u00e8s de Mohamed Hassan Ouazzani par ceux qui l\u2019ont connu dans son combat pour la lib\u00e9ration du Maroc et pour l\u2019instauration de la d\u00e9mocratie apr\u00e8s l\u2019ind\u00e9pendance.<\/p>\n<p style=\"text-align: left;\"><embed src=\"http:\/\/mohamedhassanouazzani.org\/publications\/03.pdf\" style=\" height:480px; width:100%;\"><\/embed><\/p>\n<p class=\"entry-title\"><a href=\"http:\/\/mohamedhassanouazzani.org\/wp-content\/uploads\/2016\/01\/03.pdf\">Cliquez ici pour la version mobile<\/a><\/p>\n","protected":false},"excerpt":{"rendered":"<p>La premi\u00e8re partie de cette plaquette contient une esquisse biographique de Mohamed Hassan Ouazzani, depuis son enfance jusqu\u2019\u00e0 son d\u00e9c\u00e8s survenu le 9 septembre 1978. Le texte s\u2019arr\u00eate sur les \u00e9tapes cl\u00e9s de sa vie ainsi que sur les \u00e9v\u00e9nements majeurs qui ont contribu\u00e9 \u00e0 sa formation et qui ont aliment\u00e9 son combat. Cette biographie [&hellip;]<\/p>\n","protected":false},"author":1,"featured_media":5637,"comment_status":"open","ping_status":"open","sticky":false,"template":"","format":"standard","meta":[],"categories":[63],"tags":[],"_links":{"self":[{"href":"https:\/\/mohamedhassanouazzani.org\/index.php?rest_route=\/wp\/v2\/posts\/4667"}],"collection":[{"href":"https:\/\/mohamedhassanouazzani.org\/index.php?rest_route=\/wp\/v2\/posts"}],"about":[{"href":"https:\/\/mohamedhassanouazzani.org\/index.php?rest_route=\/wp\/v2\/types\/post"}],"author":[{"embeddable":true,"href":"https:\/\/mohamedhassanouazzani.org\/index.php?rest_route=\/wp\/v2\/users\/1"}],"replies":[{"embeddable":true,"href":"https:\/\/mohamedhassanouazzani.org\/index.php?rest_route=%2Fwp%2Fv2%2Fcomments&post=4667"}],"version-history":[{"count":6,"href":"https:\/\/mohamedhassanouazzani.org\/index.php?rest_route=\/wp\/v2\/posts\/4667\/revisions"}],"predecessor-version":[{"id":9134,"href":"https:\/\/mohamedhassanouazzani.org\/index.php?rest_route=\/wp\/v2\/posts\/4667\/revisions\/9134"}],"wp:featuredmedia":[{"embeddable":true,"href":"https:\/\/mohamedhassanouazzani.org\/index.php?rest_route=\/wp\/v2\/media\/5637"}],"wp:attachment":[{"href":"https:\/\/mohamedhassanouazzani.org\/index.php?rest_route=%2Fwp%2Fv2%2Fmedia&parent=4667"}],"wp:term":[{"taxonomy":"category","embeddable":true,"href":"https:\/\/mohamedhassanouazzani.org\/index.php?rest_route=%2Fwp%2Fv2%2Fcategories&post=4667"},{"taxonomy":"post_tag","embeddable":true,"href":"https:\/\/mohamedhassanouazzani.org\/index.php?rest_route=%2Fwp%2Fv2%2Ftags&post=4667"}],"curies":[{"name":"wp","href":"https:\/\/api.w.org\/{rel}","templated":true}]}}