{"id":4232,"date":"2015-02-27T16:00:37","date_gmt":"2015-02-27T15:00:37","guid":{"rendered":"http:\/\/2fois11.com\/ouazzani\/?p=4232"},"modified":"2016-10-31T11:38:57","modified_gmt":"2016-10-31T10:38:57","slug":"la-liberte-de-conscience","status":"publish","type":"post","link":"https:\/\/mohamedhassanouazzani.org\/?p=4232","title":{"rendered":"La libert\u00e9 de conscience au Maroc"},"content":{"rendered":"<div class=\"wpb-content-wrapper\"><p>[vc_row][vc_column][vc_tta_tabs][vc_tta_section title=\u00a0\u00bbPr\u00e9sentation\u00a0\u00bb tab_id=\u00a0\u00bb1459965542661-57f4d235-8eb9&Prime;][vc_row_inner][vc_column_inner width=\u00a0\u00bb1\/2&Prime;][vc_column_text]<img loading=\"lazy\" class=\"aligncenter wp-image-5785\" src=\"http:\/\/mohamedhassanouazzani.org\/wp-content\/uploads\/2015\/02\/Affiche_27-02-2015-1-224x300.jpg\" alt=\"\" width=\"300\" height=\"401\" srcset=\"https:\/\/mohamedhassanouazzani.org\/wp-content\/uploads\/2015\/02\/Affiche_27-02-2015-1-224x300.jpg 224w, https:\/\/mohamedhassanouazzani.org\/wp-content\/uploads\/2015\/02\/Affiche_27-02-2015-1-768x1027.jpg 768w, https:\/\/mohamedhassanouazzani.org\/wp-content\/uploads\/2015\/02\/Affiche_27-02-2015-1-765x1024.jpg 765w, https:\/\/mohamedhassanouazzani.org\/wp-content\/uploads\/2015\/02\/Affiche_27-02-2015-1-600x803.jpg 600w, https:\/\/mohamedhassanouazzani.org\/wp-content\/uploads\/2015\/02\/Affiche_27-02-2015-1.jpg 1116w\" sizes=\"(max-width: 300px) 100vw, 300px\" \/>[\/vc_column_text][\/vc_column_inner][vc_column_inner width=\u00a0\u00bb1\/2&Prime;][vc_empty_space height=\u00a0\u00bb55px\u00a0\u00bb][vc_column_text]<\/p>\n<p style=\"text-align: center;\">Dans le cadre de son cycle de conf\u00e9rences mensuelles pour l&rsquo;ann\u00e9e 2015,<\/p>\n<p style=\"text-align: center;\">le Centre Mohamed Hassan Ouazzani pour la D\u00e9mocratie et le D\u00e9veloppement Humain a organis\u00e9 sa 2\u00e8me conf\u00e9rence le\u00a027 f\u00e9vrier 2015 \u00e0 16h00.<\/p>\n<p style=\"text-align: center;\">Cette conf\u00e9rence a\u00a0port\u00e9 sur le th\u00e8me :<\/p>\n<p style=\"text-align: center;\"><strong><em>\u00ab La libert\u00e9 de conscience\u00a0\u00bb<\/em><\/strong><\/p>\n<p style=\"text-align: center;\">Elle a \u00e9t\u00e9 pr\u00e9sid\u00e9e par Professeur <strong><a href=\"http:\/\/mohamedhassanouazzani.org\/?p=4857\">Hassan Ouazzani-Chahdi<\/a>\u00a0<\/strong>et anim\u00e9e par le Professeur\u00a0<strong><a href=\"http:\/\/mohamedhassanouazzani.org\/?p=4304\">Mohamed Mouaquit<\/a><\/strong>, docteur en sciences politiques et actuellement professeur \u00e0 la Facult\u00e9 de Droit de Casablanca.<\/p>\n<p>[\/vc_column_text][\/vc_column_inner][\/vc_row_inner][vc_row_inner][vc_column_inner][vc_separator][vc_column_text]<\/p>\n<p style=\"text-align: justify;\">La libert\u00e9 de conscience a fait au Maroc son entr\u00e9e dans l\u2019espace public de revendication des droits. De quoi ce fait est-il r\u00e9v\u00e9lateur ? Qu\u2019est-ce qui fait de cette libert\u00e9 de conscience une valeur probl\u00e9matique ? Dans quelle mesure le syst\u00e8me de valeurs des soci\u00e9t\u00e9s musulmanes peut-il disposer \u00e0 accueillir en son sein la libert\u00e9 de conscience ?<\/p>\n<p style=\"text-align: justify;\">L\u2019objectif de la communication est de pr\u00e9senter, \u00e0 travers le cas du Maroc, la mani\u00e8re dont cette probl\u00e9matique est confront\u00e9e. Le cas du Maroc est significatif du paradoxe d\u2019un Etat fortement lest\u00e9 de la symbolique th\u00e9ologico-politique de la \u00abCommanderie des musulmans\u00bb, qui est particuli\u00e8re au Maroc, mais dont l\u2019\u00e9volution est fortement marqu\u00e9e par la s\u00e9cularisation. Le droit marocain peut \u00eatre \u00e9valu\u00e9 comme \u00e9tant au-del\u00e0 de la simple libert\u00e9 de cultes, mais en-de\u00e7\u00e0 de la libert\u00e9 de conscience, tout en semblant pr\u00e9senter une plus grande disposition \u00e0 accueillir dans son syst\u00e8me de valeurs la libert\u00e9 de conscience.<\/p>\n<p>[\/vc_column_text][\/vc_column_inner][\/vc_row_inner][\/vc_tta_section][vc_tta_section title=\u00a0\u00bbParticipants\u00a0\u00bb tab_id=\u00a0\u00bb1451151562251-1ce0c959-e22f\u00a0\u00bb][vc_row_inner][vc_column_inner width=\u00a0\u00bb1\/2&Prime;][vc_column_text]<a href=\"http:\/\/2fois11.com\/ouazzani\/wp-content\/uploads\/2015\/02\/DSC_11732.jpg\" rel=\"attachment wp-att-4836\"><img loading=\"lazy\" class=\"wp-image-4845 size-medium aligncenter\" src=\"http:\/\/2fois11.com\/ouazzani\/wp-content\/uploads\/2015\/02\/DSC_11732-257x300.jpg\" alt=\"\" width=\"257\" height=\"300\" srcset=\"https:\/\/mohamedhassanouazzani.org\/wp-content\/uploads\/2015\/02\/DSC_11732-257x300.jpg 257w, https:\/\/mohamedhassanouazzani.org\/wp-content\/uploads\/2015\/02\/DSC_11732-600x700.jpg 600w, https:\/\/mohamedhassanouazzani.org\/wp-content\/uploads\/2015\/02\/DSC_11732.jpg 681w\" sizes=\"(max-width: 257px) 100vw, 257px\" \/><\/a><\/p>\n<p style=\"text-align: center;\"><strong>Pr\u00e9sident de s\u00e9ance :<\/strong><\/p>\n<p style=\"text-align: justify;\"><strong><a href=\"http:\/\/mohamedhassanouazzani.org\/?p=4857\">Hassan Ouzzani-Chahdi<\/a><\/strong>\u00a0est\u00a0Vice-Pr\u00e9sident du CMHO. Il est\u00a0actuellement professeur honoraire de Droit Public \u00e0 la Facult\u00e9 des sciences juridiques, \u00e9conomiques et sociales-Universit\u00e9 Hassan II A\u00efn Chok de Casablanca&#8230; <a href=\"http:\/\/mohamedhassanouazzani.org\/?p=4857\">lire la suite<\/a>.<a href=\"http:\/\/2fois11.com\/ouazzani\/?p=4857\"><br \/>\n<\/a><\/p>\n<p>[\/vc_column_text][\/vc_column_inner][vc_column_inner width=\u00a0\u00bb1\/2&Prime;][vc_column_text]<a href=\"http:\/\/mohamedhassanouazzani.org\/wp-content\/uploads\/2015\/02\/28.jpg\" rel=\"attachment wp-att-4831\"><img loading=\"lazy\" class=\"wp-image-5434 size-medium aligncenter\" src=\"http:\/\/mohamedhassanouazzani.org\/wp-content\/uploads\/2015\/02\/28-272x300.jpg\" alt=\"\" width=\"272\" height=\"300\" srcset=\"https:\/\/mohamedhassanouazzani.org\/wp-content\/uploads\/2015\/02\/28-272x300.jpg 272w, https:\/\/mohamedhassanouazzani.org\/wp-content\/uploads\/2015\/02\/28.jpg 480w\" sizes=\"(max-width: 272px) 100vw, 272px\" \/><\/a><\/p>\n<p style=\"text-align: center;\"><strong>Conf\u00e9rencier :<\/strong><\/p>\n<p><em><strong><a href=\"http:\/\/mohamedhassanouazzani.org\/?p=4304\">Mohamed Mouaquit<\/a><\/strong><\/em> est\u00a0 docteur d\u2019Etat en Sciences Politiques de l\u2019Universit\u00e9 Paris II. France.\u00a0Il est actuellement professeur\u00a0 de sciences politiques \u00e0 la Facult\u00e9 des sciences juridiques, \u00e9conomiques et sociales. Universit\u00e9 Hassan II A\u00efn Chok de Casablanca\u2026 <a href=\"http:\/\/mohamedhassanouazzani.org\/?p=4304\">lire la suite<\/a>.[\/vc_column_text][\/vc_column_inner][\/vc_row_inner][\/vc_tta_section][vc_tta_section title=\u00a0\u00bbVid\u00e9os\u00a0\u00bb tab_id=\u00a0\u00bb1451151647821-e7821d90-5391&Prime;]<style>#sbvcytc-6a9d34d8b8bad-466725660 .sbvcytc-navigation a { color: #666666; border-color:#dddddd; }#sbvcytc-6a9d34d8b8bad-466725660 .sbvcytc-navigation a:hover { color: #000000; border-color:#cccccc; }#sbvcytc-6a9d34d8b8bad-466725660 .sbvcytc-navigation .sb-loadmore-button .sb-loader > div { background-color: #666666; }#sbvcytc-6a9d34d8b8bad-466725660 .sbvcytc-navigation a.sb-next-prev { display: none !important; }#sbvcytc-6a9d34d8b8bad-466725660 .sbvcytc-title { color: #167ac6; font-size: 15px; font-weight: 700; }#sbvcytc-6a9d34d8b8bad-466725660 .sbvcytc-video:hover .sbvcytc-title { color: #3a96e1; }#sbvcytc-6a9d34d8b8bad-466725660 .sbvcytc-description { color: #333333; font-size: 13px; font-weight: 300; }#sbvcytc-6a9d34d8b8bad-466725660 .sbvcytc-video:hover .sbvcytc-description { color: #333333; }#sbvcytc-6a9d34d8b8bad-466725660 .sbvcytc-meta-item, #sbvcytc-6a9d34d8b8bad-466725660 .sbvcytc-meta { color: #333333; border-color: #333333; }#sbvcytc-6a9d34d8b8bad-466725660 .sbvcytc-video:hover .sbvcytc-meta-item, #sbvcytc-6a9d34d8b8bad-466725660 .sbvcytc-video:hover .sbvcytc-meta { color: #333333; border-color: #333333; }#sbvcytc-6a9d34d8b8bad-466725660 .sbvcytc-meta { color: #333333; }#sbvcytc-6a9d34d8b8bad-466725660 .sbvcytc-video:hover .sbvcytc-meta { color: #333333; }#sbvcytc-6a9d34d8b8bad-466725660 .sbvcytc-video { background-color: #ffffff; }#sbvcytc-6a9d34d8b8bad-466725660 .sbvcytc-video:hover { background-color: #ffffff; }#sbvcytc-6a9d34d8b8bad-466725660-popup { background-color:#ffffff; max-width:800px; }#sbvcytc-6a9d34d8b8bad-466725660-popup .sbvcytc-popup-title { color: #3a96e1; font-size: 20px; font-weight: 700; }#sbvcytc-6a9d34d8b8bad-466725660-popup .sbvcytc-popup-description, #sbvcytc-6a9d34d8b8bad-466725660-popup .sbvcytc-popup-meta { color: #666666; font-size: 13px; font-weight: 300; }#sbvcytc-6a9d34d8b8bad-466725660-popup .sbvcytc-popup-meta { color: #666666; }#sbvcytc-6a9d34d8b8bad-466725660 .sbvcytc-videos-wrapper .slick-dots li button, #sbvcytc-6a9d34d8b8bad-466725660 .sbvcytc-videos-wrapper .slick-dots li button:active { background: #999999; }#sbvcytc-6a9d34d8b8bad-466725660 .sbvcytc-videos-wrapper .slick-dots li:hover button, #sbvcytc-6a9d34d8b8bad-466725660 .sbvcytc-videos-wrapper .slick-dots li.slick-active button { background: #000000; }#sbvcytc-6a9d34d8b8bad-466725660 a.sbvcytc-slick-arrow { color: #999999; }#sbvcytc-6a9d34d8b8bad-466725660 a.sbvcytc-slick-arrow:hover { color: #000000; }<\/style><div id=\"sbvcytc-6a9d34d8b8bad-466725660\" class=\"sbvcytc-youtube-channel sbvcytc-skin-3 \"data-api_key=\"AIzaSyBLj4noPzGFkAS8CZyxekGR8lGwUgw-0pc\"data-user_id=\"FondationMHO\"data-channel_id=\"\"data-playlist_id=\"PLeDxtaExstGeWhbrcG-SyfmUbV2DaE0z_\"data-results_per_page=\"20\"data-custom_wrapper_class=\"\"data-template=\"3\"data-layout=\"fitrows\"data-animation=\"fadeInUp\"data-no_of_columns_desktop=\"3\"data-no_of_columns_tablet=\"3\"data-no_of_columns_mobile=\"1\"data-grid_thumbnail_size=\"medium\"data-wrapper_bg_color=\"#ffffff\"data-wrapper_hover_bg_color=\"#ffffff\"data-enable_title=\"yes\"data-title_length=\"\"data-title_color=\"#167ac6\"data-title_hover_color=\"#3a96e1\"data-title_font_size=\"15\"data-title_font_weight=\"700\"data-enable_description=\"\"data-description_length=\"\"data-description_color=\"#333333\"data-description_hover_color=\"#333333\"data-description_font_size=\"13\"data-description_font_weight=\"300\"data-enable_play_icon=\"yes\"data-enable_hd_tag=\"\"data-enable_video_length=\"yes\"data-enable_video_views=\"yes\"data-enable_video_likes=\"yes\"data-enable_video_post_time=\"yes\"data-enable_social_sharing=\"yes\"data-meta_color=\"#333333\"data-meta_hover_color=\"#333333\"data-pagination_type=\"load_more\"data-load_more_text=\"Load More\"data-pagination_loader_color=\"#666666\"data-scroll_top=\"yes\"data-next_button_text=\"Suivant\"data-prev_button_text=\"Previous\"data-pagination_color=\"#666666\"data-pagination_hover_color=\"#000000\"data-pagination_border_color=\"#dddddd\"data-pagination_border_hover_color=\"#cccccc\"data-video_preview_type=\"popup_only_video\"data-popup_max_width=\"800\"data-preview_display_first=\"0\"data-preview_gallery=\"1\"data-preview_autoplay=\"1\"data-preview_related=\"0\"data-preview_information=\"1\"data-preview_controls=\"1\"data-preview_enable_title=\"yes\"data-preview_title_color=\"#3a96e1\"data-preview_title_font_size=\"20\"data-preview_title_font_weight=\"700\"data-preview_enable_description=\"yes\"data-preview_description_color=\"#666666\"data-preview_description_font_size=\"13\"data-preview_description_font_weight=\"300\"data-preview_social_share=\"yes\"data-preview_enable_meta=\"yes\"data-preview_meta_color=\"#666666\"data-enable_carousel=\"\"data-carousel_speed=\"300\"data-carousel_autoplay=\"no\"data-carousel_autoplay_speed=\"3000\"data-carousel_pause_on_hover=\"no\"data-carousel_adaptive_height=\"yes\"data-carousel_infinite=\"no\"data-carousel_pagination=\"yes\"data-carousel_arrows=\"yes\"data-carousel_draggable=\"yes\"data-carousel_rows=\"1\"data-carousel_center_mode=\"no\"data-carousel_pagination_color=\"#999999\"data-carousel_pagination_hover_color=\"#000000\"><div class=\"sbvcytc-loader\"><span><\/span><\/div><div class=\"sb-hide sbvcytc-videos-preview\"><\/div><div class=\"sb-hide sbvcytc-videos-wrapper sbvcytc-videos-fitrows sb-row\"><\/div><div class=\"sb-clear\"><\/div><div class=\"sb-hide sbvcytc-navigation\"><\/div><\/div>[\/vc_tta_section][vc_tta_section title=\u00a0\u00bbPhotos\u00a0\u00bb tab_id=\u00a0\u00bb1453810337809-a60335a8-2bdc\u00a0\u00bb][vc_gallery type=\u00a0\u00bbimage_grid\u00a0\u00bb images=\u00a0\u00bb4831,4832,4829,4834,4833,4835&Prime; img_size=\u00a0\u00bbmedium\u00a0\u00bb][\/vc_tta_section][\/vc_tta_tabs][\/vc_column][\/vc_row]<\/p>\n<\/div>","protected":false},"excerpt":{"rendered":"<p>[vc_row][vc_column][vc_tta_tabs][vc_tta_section title=\u00a0\u00bbPr\u00e9sentation\u00a0\u00bb tab_id=\u00a0\u00bb1459965542661-57f4d235-8eb9&Prime;][vc_row_inner][vc_column_inner width=\u00a0\u00bb1\/2&Prime;][vc_column_text][\/vc_column_text][\/vc_column_inner][vc_column_inner width=\u00a0\u00bb1\/2&Prime;][vc_empty_space height=\u00a0\u00bb55px\u00a0\u00bb][vc_column_text] Dans le cadre de son cycle de conf\u00e9rences mensuelles pour l&rsquo;ann\u00e9e 2015, le Centre Mohamed Hassan Ouazzani pour la D\u00e9mocratie et le D\u00e9veloppement Humain a organis\u00e9 sa 2\u00e8me conf\u00e9rence le\u00a027 f\u00e9vrier 2015 \u00e0 16h00. Cette conf\u00e9rence a\u00a0port\u00e9 sur le th\u00e8me : \u00ab La libert\u00e9 de conscience\u00a0\u00bb Elle a \u00e9t\u00e9 [&hellip;]<\/p>\n","protected":false},"author":1,"featured_media":4314,"comment_status":"open","ping_status":"open","sticky":false,"template":"","format":"standard","meta":[],"categories":[61],"tags":[],"_links":{"self":[{"href":"https:\/\/mohamedhassanouazzani.org\/index.php?rest_route=\/wp\/v2\/posts\/4232"}],"collection":[{"href":"https:\/\/mohamedhassanouazzani.org\/index.php?rest_route=\/wp\/v2\/posts"}],"about":[{"href":"https:\/\/mohamedhassanouazzani.org\/index.php?rest_route=\/wp\/v2\/types\/post"}],"author":[{"embeddable":true,"href":"https:\/\/mohamedhassanouazzani.org\/index.php?rest_route=\/wp\/v2\/users\/1"}],"replies":[{"embeddable":true,"href":"https:\/\/mohamedhassanouazzani.org\/index.php?rest_route=%2Fwp%2Fv2%2Fcomments&post=4232"}],"version-history":[{"count":36,"href":"https:\/\/mohamedhassanouazzani.org\/index.php?rest_route=\/wp\/v2\/posts\/4232\/revisions"}],"predecessor-version":[{"id":6363,"href":"https:\/\/mohamedhassanouazzani.org\/index.php?rest_route=\/wp\/v2\/posts\/4232\/revisions\/6363"}],"wp:featuredmedia":[{"embeddable":true,"href":"https:\/\/mohamedhassanouazzani.org\/index.php?rest_route=\/wp\/v2\/media\/4314"}],"wp:attachment":[{"href":"https:\/\/mohamedhassanouazzani.org\/index.php?rest_route=%2Fwp%2Fv2%2Fmedia&parent=4232"}],"wp:term":[{"taxonomy":"category","embeddable":true,"href":"https:\/\/mohamedhassanouazzani.org\/index.php?rest_route=%2Fwp%2Fv2%2Fcategories&post=4232"},{"taxonomy":"post_tag","embeddable":true,"href":"https:\/\/mohamedhassanouazzani.org\/index.php?rest_route=%2Fwp%2Fv2%2Ftags&post=4232"}],"curies":[{"name":"wp","href":"https:\/\/api.w.org\/{rel}","templated":true}]}}