{"id":14285,"date":"2024-11-07T19:13:01","date_gmt":"2024-11-07T18:13:01","guid":{"rendered":"http:\/\/mohamedhassanouazzani.org\/?p=14285"},"modified":"2024-12-16T17:45:01","modified_gmt":"2024-12-16T16:45:01","slug":"celebration-du-4erte-ccmho-itzer","status":"publish","type":"post","link":"https:\/\/mohamedhassanouazzani.org\/?p=14285","title":{"rendered":"C\u00e9l\u00e9bration du 49\u00e8me anniversaire de la Marche Verte-CCMHO-Itzer"},"content":{"rendered":"<div class=\"wpb-content-wrapper\"><p>[vc_row][vc_column][vc_column_text]<\/p>\n<p><a href=\"http:\/\/mohamedhassanouazzani.org\/wp-content\/uploads\/2024\/11\/Blue-and-White-Geometric-Shapes-Conference-Poster.jpg\"><img loading=\"lazy\" class=\"alignnone size-large wp-image-14614\" src=\"http:\/\/mohamedhassanouazzani.org\/wp-content\/uploads\/2024\/11\/Blue-and-White-Geometric-Shapes-Conference-Poster-724x1024.jpg\" alt=\"\" width=\"724\" height=\"1024\" srcset=\"https:\/\/mohamedhassanouazzani.org\/wp-content\/uploads\/2024\/11\/Blue-and-White-Geometric-Shapes-Conference-Poster-724x1024.jpg 724w, https:\/\/mohamedhassanouazzani.org\/wp-content\/uploads\/2024\/11\/Blue-and-White-Geometric-Shapes-Conference-Poster-212x300.jpg 212w, https:\/\/mohamedhassanouazzani.org\/wp-content\/uploads\/2024\/11\/Blue-and-White-Geometric-Shapes-Conference-Poster-768x1086.jpg 768w, https:\/\/mohamedhassanouazzani.org\/wp-content\/uploads\/2024\/11\/Blue-and-White-Geometric-Shapes-Conference-Poster-600x849.jpg 600w, https:\/\/mohamedhassanouazzani.org\/wp-content\/uploads\/2024\/11\/Blue-and-White-Geometric-Shapes-Conference-Poster.jpg 1587w\" sizes=\"(max-width: 724px) 100vw, 724px\" \/><\/a><\/p>\n<p>[\/vc_column_text][vc_column_text]<a href=\"http:\/\/mohamedhassanouazzani.org\/wp-content\/uploads\/2024\/11\/Blue-and-White-Geometric-Shapes-Conference-Poster-8.jpg\"><img loading=\"lazy\" class=\"alignnone size-large wp-image-14286\" src=\"http:\/\/mohamedhassanouazzani.org\/wp-content\/uploads\/2024\/11\/Blue-and-White-Geometric-Shapes-Conference-Poster-8-724x1024.jpg\" alt=\"\" width=\"724\" height=\"1024\" srcset=\"https:\/\/mohamedhassanouazzani.org\/wp-content\/uploads\/2024\/11\/Blue-and-White-Geometric-Shapes-Conference-Poster-8-724x1024.jpg 724w, https:\/\/mohamedhassanouazzani.org\/wp-content\/uploads\/2024\/11\/Blue-and-White-Geometric-Shapes-Conference-Poster-8-212x300.jpg 212w, https:\/\/mohamedhassanouazzani.org\/wp-content\/uploads\/2024\/11\/Blue-and-White-Geometric-Shapes-Conference-Poster-8-768x1086.jpg 768w, https:\/\/mohamedhassanouazzani.org\/wp-content\/uploads\/2024\/11\/Blue-and-White-Geometric-Shapes-Conference-Poster-8-600x849.jpg 600w, https:\/\/mohamedhassanouazzani.org\/wp-content\/uploads\/2024\/11\/Blue-and-White-Geometric-Shapes-Conference-Poster-8.jpg 1587w\" sizes=\"(max-width: 724px) 100vw, 724px\" \/><\/a><\/p>\n<p>&nbsp;<\/p>\n<p><a href=\"http:\/\/mohamedhassanouazzani.org\/wp-content\/uploads\/2024\/11\/Blue-and-White-Geometric-Shapes-Conference-Poster-11.jpg\"><img loading=\"lazy\" class=\"alignnone size-large wp-image-14287\" src=\"http:\/\/mohamedhassanouazzani.org\/wp-content\/uploads\/2024\/11\/Blue-and-White-Geometric-Shapes-Conference-Poster-11-724x1024.jpg\" alt=\"\" width=\"724\" height=\"1024\" srcset=\"https:\/\/mohamedhassanouazzani.org\/wp-content\/uploads\/2024\/11\/Blue-and-White-Geometric-Shapes-Conference-Poster-11-724x1024.jpg 724w, https:\/\/mohamedhassanouazzani.org\/wp-content\/uploads\/2024\/11\/Blue-and-White-Geometric-Shapes-Conference-Poster-11-212x300.jpg 212w, https:\/\/mohamedhassanouazzani.org\/wp-content\/uploads\/2024\/11\/Blue-and-White-Geometric-Shapes-Conference-Poster-11-768x1086.jpg 768w, https:\/\/mohamedhassanouazzani.org\/wp-content\/uploads\/2024\/11\/Blue-and-White-Geometric-Shapes-Conference-Poster-11-600x849.jpg 600w, https:\/\/mohamedhassanouazzani.org\/wp-content\/uploads\/2024\/11\/Blue-and-White-Geometric-Shapes-Conference-Poster-11.jpg 1587w\" sizes=\"(max-width: 724px) 100vw, 724px\" \/><\/a>[\/vc_column_text][vc_column_text][\/vc_column_text][vc_tta_tabs active_section=\u00a0\u00bb1&Prime;][vc_tta_section title=\u00a0\u00bbPr\u00e9sentation \u00a0\u00bb tab_id=\u00a0\u00bb1703258811487-442e5c6d-fd26&Prime;][vc_column_text]<\/p>\n<h3 class=\"tw-data-text tw-text-large tw-ta\" dir=\"ltr\" style=\"text-align: center;\" data-placeholder=\"Traduction\" data-ved=\"2ahUKEwja4OL6xLKDAxWIRqQEHXFSCvoQ3ewLegQIBRAQ\"><span class=\"Y2IQFc\" lang=\"fr\">Mesdames et Messieurs,chers membres:<br \/>\n<\/span><\/h3>\n<h3 style=\"text-align: center;\">Dans le cadre de ses activit\u00e9s scientifiques et culturelles au titre de l\u2019ann\u00e9e 2024<\/h3>\n<h3 class=\"tw-data-text tw-text-large tw-ta\" dir=\"ltr\" style=\"text-align: center;\" data-placeholder=\"Traduction\" data-ved=\"2ahUKEwja4OL6xLKDAxWIRqQEHXFSCvoQ3ewLegQIBRAQ\"><span class=\"Y2IQFc\" lang=\"fr\">\u00a0le Centre Culturel Mohamed Hassan Ouazzani d\u2019Itzer<br \/>\na organis\u00e9, le Mercredi 06 novembre 2024,<\/span><\/h3>\n<h3 class=\"tw-data-text tw-text-large tw-ta\" dir=\"ltr\" style=\"text-align: center;\" data-placeholder=\"Traduction\" data-ved=\"2ahUKEwja4OL6xLKDAxWIRqQEHXFSCvoQ3ewLegQIBRAQ\"><span class=\"Y2IQFc\" lang=\"fr\">La C\u00e9l\u00e9bration du <span style=\"color: #993300;\">49\u00e8me<\/span> anniversaire de la Marche Verte\u00a0<\/span><\/h3>\n<h3 class=\"tw-data-text tw-text-large tw-ta\" dir=\"ltr\" style=\"text-align: center;\" data-placeholder=\"Traduction\" data-ved=\"2ahUKEwja4OL6xLKDAxWIRqQEHXFSCvoQ3ewLegQIBRAQ\"><span class=\"Y2IQFc\" lang=\"fr\">La c\u00e9l\u00e9bration s\u2019est distingu\u00e9e par la pr\u00e9sentation de diverses activit\u00e9s:<\/span><\/h3>\n<ul>\n<li>\n<h3 style=\"text-align: left;\">organisation d&rsquo;une <span style=\"color: #993300;\">course<\/span> pour les \u00e9l\u00e8ves de diff\u00e9rents \u00e2ges entre 07 et 18 ans.<\/h3>\n<\/li>\n<li style=\"text-align: left;\">\n<h3><span style=\"color: #993300;\">conf\u00e9rence<\/span> sur le th\u00e8me de la Marche Verte.<\/h3>\n<\/li>\n<li style=\"text-align: left;\">\n<h3>Avec l&rsquo;intervention du Pr Abdelkhalk boustiwi: enseignant d\u2019histoire\u00a0 au lyc\u00e9e Albohaira .<\/h3>\n<\/li>\n<li style=\"text-align: left;\">\n<h3>Remise des prix aux 3 premiers gagnants de toutes les cat\u00e9gories.<\/h3>\n<\/li>\n<li>\n<h3 style=\"text-align: left;\">Remise des attestations de f\u00e9licitation \u00e0 tous les participants \u00e0 la course<\/h3>\n<\/li>\n<\/ul>\n<h3 style=\"text-align: center;\">Nous vous remercions de votre pr\u00e9sence et de votre participation au succ\u00e8s de cet \u00e9v\u00e9nement historique.<\/h3>\n<h3 style=\"text-align: center;\">\u00a0cordialement<\/h3>\n<h3 style=\"text-align: center;\"><\/h3>\n<p>[\/vc_column_text][vc_column_text]<\/p>\n<h3 style=\"text-align: center;\"><strong>\u0633\u064a\u062f\u0627\u062a\u064a \u0633\u0627\u062f\u062a\u064a<\/strong><\/h3>\n<h3 style=\"text-align: center;\"><strong>\u0641\u064a \u0627\u0637\u0627\u0631 \u0623\u0646\u0634\u0637\u062a\u0647 \u0627\u0644\u062b\u0642\u0627\u0641\u064a\u0629 \u0648 \u0646\u062f\u0648\u0627\u062a\u0647 \u0627\u0644\u0639\u0644\u0645\u064a\u0629 \u0644\u0631\u0633\u0645 2024<\/strong><\/h3>\n<h3 style=\"text-align: center;\"><strong> \u0646\u0638\u0645 \u0627\u0644\u0645\u0631\u0643\u0632 \u0627\u0644\u062b\u0642\u0627\u0641\u064a \u0645\u062d\u0645\u062f \u062d\u0633\u0646 \u0627\u0644\u0648\u0632\u0627\u0646\u064a \u0628\u0625\u062a\u0632\u0627\u0631 \u0625\u062d\u062a\u0641\u0627\u0644\u0627 \u0628\u0630\u0643\u0631\u0649 \u0627\u0644\u0645\u0633\u064a\u0631\u0629 \u0627\u0644\u062e\u0636\u0631\u0627\u0621 \u064a\u0648\u0645 06 <\/strong><strong>\u00a0\u0646\u0648\u0646\u0628\u0631<\/strong><strong> 2024\u00a0<\/strong><\/h3>\n<h3 style=\"text-align: center;\"><strong>:\u0643\u0627\u0646 \u0627\u0644\u0628\u0631\u0646\u0627\u0645\u062c \u062d\u0627\u0641\u0644\u0627 \u0628\u0639\u062f\u0629 \u0623\u0646\u0634\u0637\u0629<\/strong><\/h3>\n<h3 style=\"text-align: right;\"><strong><span style=\"color: #993300;\">\u0633\u0628\u0627\u0642 \u0627\u0644\u062c\u0631\u064a \u0639\u0644\u0649 \u0627\u0644\u0637\u0631\u064a\u0642 \u0644\u0641\u0627\u0626\u062f\u0629 \u0627\u0644\u062a\u0644\u0627\u0645\u064a\u0630 <\/span>: \u0634\u0627\u0631\u0643 \u0641\u064a \u0627\u0644\u0633\u0628\u0627\u0642 \u0645\u0627 \u064a\u0646\u0627\u0647\u0632 90 \u062a\u0644\u0645\u064a\u0630 \u0628\u0623\u0639\u0645\u0627\u0631 \u0645\u062e\u062a\u0644\u0641\u0629 \u0645\u0646 07 \u0633\u0646\u0648\u0627\u062a<\/strong>\u00a0<strong>\u0625\u0644\u0649\u00a0 18\u00a0 \u0633\u0646\u0629 \u062a\u0645 \u062a\u062d\u0641\u064a\u0632 \u062c\u0645\u064a\u0639 \u0627\u0644\u0645\u0634\u0627\u0631\u0643\u0627\u062a \u0648 \u0627\u0644\u0645\u0634\u0627\u0631\u0643\u064a\u0646\u00a0 \u0628\u0634\u0647\u0627\u062f\u0627\u062a \u0627\u0644\u0645\u0634\u0627\u0631\u0643\u0629\u00a0 \u0648\u062a\u0645 \u062a\u062a\u0648\u064a\u062c \u0627\u0644\u062d\u0627\u0635\u0644\u0627\u062a \u0648 \u0627\u0644\u062d\u0627\u0635\u0644\u064a\u0646 \u0639\u0644\u0649 \u0627\u0644\u0645\u0631\u0627\u062a\u0628 \u0627\u0644\u0623\u0648\u0644\u0649 \u0628\u062c\u0648\u0627\u0626\u0632<\/strong><\/h3>\n<h3 style=\"text-align: right;\"><strong>\u00a0<span style=\"color: #993300;\">\u0646\u062f\u0648\u0629 \u0641\u0643\u0631\u064a\u0629 \u062d\u0648\u0644 \u0645\u0648\u0636\u0648\u0639 \u0627\u0644\u0645\u0633\u064a\u0631\u0629 \u0627\u0644\u062e\u0636\u0631\u0627\u0621:<\/span> \u0645\u0646 \u062a\u0642\u062f\u064a\u0645 \u0627\u0644\u0627\u0633\u062a\u0627\u0630 \u0639\u0628\u062f \u0627\u0644\u062e\u0627\u0644\u0642 \u0628\u0648\u0633\u062a\u064a\u0648\u064a \u0623\u0633\u062a\u0627\u0630 \u0645\u0627\u062f\u0629 \u0627\u0644\u0627\u062c\u062a\u0645\u0627\u0639\u064a\u0627\u062a \u0628\u0627\u0644\u062b\u0627\u0646\u0648\u064a\u0629 \u0627\u0644\u062a\u0623\u0647\u064a\u0644\u064a\u0629 \u0627\u0644\u0628\u062d\u064a\u0631\u0629<\/strong><\/h3>\n<h3 style=\"text-align: center;\"><strong>\u0646\u0634\u0643\u0631\u0643\u0645 \u0639\u0644\u0649\u00a0 \u062d\u0636\u0648\u0631\u0643\u0645 \u0648 \u0639\u0644\u0649 \u0645\u0633\u0627\u0647\u0645\u062a\u0643\u0645 \u0641\u064a \u0625\u0646\u062c\u0627\u062d \u0647\u0630\u0627 \u0627\u0644\u062d\u0641\u0644 \u0627\u0644\u062a\u0627\u0631\u064a\u062e\u064a<\/strong><\/h3>\n<p>[\/vc_column_text][\/vc_tta_section][vc_tta_section title=\u00a0\u00bbIntervenants\u00a0\u00bb tab_id=\u00a0\u00bb1731317655784-17b6295c-eb76&Prime;][vc_column_text]<a href=\"http:\/\/mohamedhassanouazzani.org\/wp-content\/uploads\/2024\/09\/DSC_6330.jpg\"><img loading=\"lazy\" class=\"alignnone wp-image-14060\" src=\"http:\/\/mohamedhassanouazzani.org\/wp-content\/uploads\/2024\/09\/DSC_6330-1024x683.jpg\" alt=\"\" width=\"251\" height=\"377\" \/><\/a><\/p>\n<p><strong>Latifa El Atki:<\/strong> Responsable du Centre Culturel Mohamed Hassan Ouazzani-Itzer<\/p>\n<p><a href=\"http:\/\/mohamedhassanouazzani.org\/wp-content\/uploads\/2024\/11\/WhatsApp-Image-2024-11-11-at-18.46.07.jpeg\"><img loading=\"lazy\" class=\"alignnone wp-image-14363\" src=\"http:\/\/mohamedhassanouazzani.org\/wp-content\/uploads\/2024\/11\/WhatsApp-Image-2024-11-11-at-18.46.07.jpeg\" alt=\"\" width=\"241\" height=\"227\" srcset=\"https:\/\/mohamedhassanouazzani.org\/wp-content\/uploads\/2024\/11\/WhatsApp-Image-2024-11-11-at-18.46.07.jpeg 830w, https:\/\/mohamedhassanouazzani.org\/wp-content\/uploads\/2024\/11\/WhatsApp-Image-2024-11-11-at-18.46.07-300x283.jpeg 300w, https:\/\/mohamedhassanouazzani.org\/wp-content\/uploads\/2024\/11\/WhatsApp-Image-2024-11-11-at-18.46.07-768x725.jpeg 768w, https:\/\/mohamedhassanouazzani.org\/wp-content\/uploads\/2024\/11\/WhatsApp-Image-2024-11-11-at-18.46.07-600x567.jpeg 600w\" sizes=\"(max-width: 241px) 100vw, 241px\" \/><\/a><\/p>\n<p><strong>Abdelkhalk Boustioui<\/strong>: Professeur d&rsquo;histoire au lyc\u00e9e Albouhaira Itzer<\/p>\n<p>&nbsp;<\/p>\n<p><a href=\"http:\/\/mohamedhassanouazzani.org\/wp-content\/uploads\/2024\/11\/WhatsApp-Image-2024-04-01-at-13.24.18.jpeg\"><img loading=\"lazy\" class=\"alignnone wp-image-14364\" src=\"http:\/\/mohamedhassanouazzani.org\/wp-content\/uploads\/2024\/11\/WhatsApp-Image-2024-04-01-at-13.24.18.jpeg\" alt=\"\" width=\"252\" height=\"225\" \/><\/a><\/p>\n<p><strong>Hassan Amzyan<\/strong>: Animateur[\/vc_column_text][\/vc_tta_section][vc_tta_section title=\u00a0\u00bbVid\u00e9os\u00a0\u00bb tab_id=\u00a0\u00bb1699529439063-2c541245-d6c0&Prime;][vc_video link=\u00a0\u00bbhttps:\/\/www.youtube.com\/watch?v=_L-BbWzy-6o&amp;list=PL5dAGpml2BTaH2jAmlfdpPPXwJ9ctmQRp&amp;index=1&Prime; title=\u00a0\u00bbMarathon de la Marche Verte\u00a0\u00bb][vc_video link=\u00a0\u00bbhttps:\/\/www.youtube.com\/watch?v=4cqDPTLKlWs&amp;list=PL5dAGpml2BTaH2jAmlfdpPPXwJ9ctmQRp&amp;index=2&amp;t=2s\u00a0\u00bb title=\u00a0\u00bbMot d\u2019accueil: Latifa El Atki\u00a0\u00bb][vc_video link=\u00a0\u00bbhttps:\/\/www.youtube.com\/watch?v=8ZDJUbtUS7I&amp;list=PL5dAGpml2BTaH2jAmlfdpPPXwJ9ctmQRp&amp;index=3&Prime; title=\u00a0\u00bbIntervention du Pr Abelkhalk Boustioui\u00a0\u00bb][\/vc_tta_section][vc_tta_section title=\u00a0\u00bbPhotos\u00a0\u00bb tab_id=\u00a0\u00bb1731086421909-227b51f1-5936&Prime;][vc_gallery type=\u00a0\u00bbimage_grid\u00a0\u00bb images=\u00a0\u00bb14350,14351,14352,14353,14306,14305,14304,14303,14302,14301,14300,14299,14298,14297,14296,14295,14307&Prime; title=\u00a0\u00bbphotos du Marathon\u00a0\u00bb][vc_gallery type=\u00a0\u00bbimage_grid\u00a0\u00bb images=\u00a0\u00bb14335&Prime; title=\u00a0\u00bbSabrin Ayt Hmo Ali: La premi\u00e8re de la cat\u00e9gorie f\u00e9minine\u00a0\u00bb][vc_gallery type=\u00a0\u00bbimage_grid\u00a0\u00bb images=\u00a0\u00bb14341&Prime; title=\u00a0\u00bbFatima Zahra Abdelkrim : La deuxi\u00e8me de la cat\u00e9gorie f\u00e9minine\u00a0\u00bb][vc_gallery type=\u00a0\u00bbimage_grid\u00a0\u00bb images=\u00a0\u00bb14339&Prime; title=\u00a0\u00bbJbouri Nada: La troisi\u00e8me de la cat\u00e9gorie f\u00e9minine\u00a0\u00bb][vc_gallery type=\u00a0\u00bbimage_grid\u00a0\u00bb images=\u00a0\u00bb14329&Prime; title=\u00a0\u00bbAbdelhak Ayt Mzyan: Le premier de la cat\u00e9gorie masculine de 13 \u00e0 18 ans.\u00a0\u00bb][vc_gallery type=\u00a0\u00bbimage_grid\u00a0\u00bb images=\u00a0\u00bb14625&Prime; title=\u00a0\u00bbMahdi Fadil: Le deuxi\u00e8me de la cat\u00e9gorie masculine de 13 \u00e0 18 ans.\u00a0\u00bb][vc_gallery type=\u00a0\u00bbimage_grid\u00a0\u00bb images=\u00a0\u00bb14360&Prime; title=\u00a0\u00bbAbdelwahd Alibouch: Le troisi\u00e8me de la cat\u00e9gorie masculine de 13 \u00e0 18 ans.\u00a0\u00bb][vc_gallery type=\u00a0\u00bbimage_grid\u00a0\u00bb images=\u00a0\u00bb14627&Prime; title=\u00a0\u00bbAbdelah Bouhamidi: Le premier de la cat\u00e9gorie masculine de 07 \u00e0 12 ans.\u00a0\u00bb][vc_gallery type=\u00a0\u00bbimage_grid\u00a0\u00bb images=\u00a0\u00bb14628&Prime; title=\u00a0\u00bbYahya Abdelkrim: Le deuxi\u00e8me de la cat\u00e9gorie masculine de 07 \u00e0 12 ans.\u00a0\u00bb][vc_gallery type=\u00a0\u00bbimage_grid\u00a0\u00bb images=\u00a0\u00bb14626&Prime; title=\u00a0\u00bbZakaria Idrissi: Le troisi\u00e8me de la cat\u00e9gorie masculine de 07 \u00e0 12 ans.\u00a0\u00bb][vc_gallery type=\u00a0\u00bbimage_grid\u00a0\u00bb images=\u00a0\u00bb14319,14320,14313,14314,14315,14316,14317,14318,14326,14325,14324,14323,14322,14321,14327,14328,14329,14330,14331,14332,14333,14335,14336,14337,14338,14339,14340,14341,14342,14359,14360,14361,14334&Prime; title=\u00a0\u00bbRemise des prix et des attestations\u00a0\u00bb][vc_gallery type=\u00a0\u00bbimage_grid\u00a0\u00bb images=\u00a0\u00bb14358,14357,14356,14355,14354&Prime; title=\u00a0\u00bbphotos de la conf\u00e9rence\u00a0\u00bb][\/vc_tta_section][\/vc_tta_tabs][vc_column_text]<\/p>\n<h3 style=\"text-align: center;\"><\/h3>\n<p>[\/vc_column_text][\/vc_column][\/vc_row]<\/p>\n<\/div>","protected":false},"excerpt":{"rendered":"<p>[vc_row][vc_column][vc_column_text] [\/vc_column_text][vc_column_text] &nbsp; [\/vc_column_text][vc_column_text][\/vc_column_text][vc_tta_tabs active_section=\u00a0\u00bb1&Prime;][vc_tta_section title=\u00a0\u00bbPr\u00e9sentation \u00a0\u00bb tab_id=\u00a0\u00bb1703258811487-442e5c6d-fd26&Prime;][vc_column_text] Mesdames et Messieurs,chers membres: Dans le cadre de ses activit\u00e9s scientifiques et culturelles au titre de l\u2019ann\u00e9e 2024 \u00a0le Centre Culturel Mohamed Hassan Ouazzani d\u2019Itzer a organis\u00e9, le Mercredi 06 novembre 2024, La C\u00e9l\u00e9bration du 49\u00e8me anniversaire de la Marche Verte\u00a0 La c\u00e9l\u00e9bration s\u2019est distingu\u00e9e par la [&hellip;]<\/p>\n","protected":false},"author":1,"featured_media":14614,"comment_status":"open","ping_status":"open","sticky":false,"template":"","format":"standard","meta":[],"categories":[58,80],"tags":[],"_links":{"self":[{"href":"https:\/\/mohamedhassanouazzani.org\/index.php?rest_route=\/wp\/v2\/posts\/14285"}],"collection":[{"href":"https:\/\/mohamedhassanouazzani.org\/index.php?rest_route=\/wp\/v2\/posts"}],"about":[{"href":"https:\/\/mohamedhassanouazzani.org\/index.php?rest_route=\/wp\/v2\/types\/post"}],"author":[{"embeddable":true,"href":"https:\/\/mohamedhassanouazzani.org\/index.php?rest_route=\/wp\/v2\/users\/1"}],"replies":[{"embeddable":true,"href":"https:\/\/mohamedhassanouazzani.org\/index.php?rest_route=%2Fwp%2Fv2%2Fcomments&post=14285"}],"version-history":[{"count":47,"href":"https:\/\/mohamedhassanouazzani.org\/index.php?rest_route=\/wp\/v2\/posts\/14285\/revisions"}],"predecessor-version":[{"id":14643,"href":"https:\/\/mohamedhassanouazzani.org\/index.php?rest_route=\/wp\/v2\/posts\/14285\/revisions\/14643"}],"wp:featuredmedia":[{"embeddable":true,"href":"https:\/\/mohamedhassanouazzani.org\/index.php?rest_route=\/wp\/v2\/media\/14614"}],"wp:attachment":[{"href":"https:\/\/mohamedhassanouazzani.org\/index.php?rest_route=%2Fwp%2Fv2%2Fmedia&parent=14285"}],"wp:term":[{"taxonomy":"category","embeddable":true,"href":"https:\/\/mohamedhassanouazzani.org\/index.php?rest_route=%2Fwp%2Fv2%2Fcategories&post=14285"},{"taxonomy":"post_tag","embeddable":true,"href":"https:\/\/mohamedhassanouazzani.org\/index.php?rest_route=%2Fwp%2Fv2%2Ftags&post=14285"}],"curies":[{"name":"wp","href":"https:\/\/api.w.org\/{rel}","templated":true}]}}