{"id":10585,"date":"2023-01-31T16:12:41","date_gmt":"2023-01-31T15:12:41","guid":{"rendered":"http:\/\/mohamedhassanouazzani.org\/?p=10585"},"modified":"2023-02-22T13:06:18","modified_gmt":"2023-02-22T12:06:18","slug":"la-maison-du-maroc-a-la-cite-u","status":"publish","type":"post","link":"https:\/\/mohamedhassanouazzani.org\/?p=10585","title":{"rendered":"La maison du Maroc \u00e0 la Cit\u00e9 U &#8211; Lieu de m\u00e9moire des \u00e9tudiants marocains \u00e0 Paris"},"content":{"rendered":"<div class=\"wpb-content-wrapper\"><p>[vc_row][vc_column][vc_tta_tabs][vc_tta_section title=\u00a0\u00bbPr\u00e9sentation\u00a0\u00bb tab_id=\u00a0\u00bb1459958412083-252f22b3-80ae\u00a0\u00bb][vc_row_inner][vc_column_inner width=\u00a0\u00bb1\/2&Prime;][vc_column_text]<a href=\"http:\/\/mohamedhassanouazzani.org\/wp-content\/uploads\/2023\/01\/Copie-de-Affiche-Conf-F\u00e9vrier-2023-3.png\" rel=\"attachment wp-att-7713\"><img loading=\"lazy\" class=\"alignnone wp-image-10604 size-full\" src=\"http:\/\/mohamedhassanouazzani.org\/wp-content\/uploads\/2023\/01\/Copie-de-Affiche-Conf-F\u00e9vrier-2023-3.png\" alt=\"\" width=\"1728\" height=\"2304\" srcset=\"https:\/\/mohamedhassanouazzani.org\/wp-content\/uploads\/2023\/01\/Copie-de-Affiche-Conf-F\u00e9vrier-2023-3.png 1728w, https:\/\/mohamedhassanouazzani.org\/wp-content\/uploads\/2023\/01\/Copie-de-Affiche-Conf-F\u00e9vrier-2023-3-225x300.png 225w, https:\/\/mohamedhassanouazzani.org\/wp-content\/uploads\/2023\/01\/Copie-de-Affiche-Conf-F\u00e9vrier-2023-3-768x1024.png 768w, https:\/\/mohamedhassanouazzani.org\/wp-content\/uploads\/2023\/01\/Copie-de-Affiche-Conf-F\u00e9vrier-2023-3-600x800.png 600w\" sizes=\"(max-width: 1728px) 100vw, 1728px\" \/><\/a>[\/vc_column_text][vc_empty_space][\/vc_column_inner][vc_column_inner width=\u00a0\u00bb1\/2&Prime;][vc_column_text]<\/p>\n<div class=\"entry-content\">\n<h5><\/h5>\n<h5 style=\"text-align: center;\"><em>Mesdames, Messieurs<\/em><\/h5>\n<\/div>\n<h5 class=\"entry-content\" style=\"text-align: center;\"><em>Dans le cadre de ses activit\u00e9s scientifiques et culturelles au titre de l&rsquo;ann\u00e9e 2023, le Centre Mohamed Hassan Ouazzani pour la D\u00e9mocratie et le D\u00e9veloppement Humain\u00a0 a organis\u00e9 un d\u00e9bat autour du livre de Professeur Mostafa BOUAZIZ et de Monsieur Guillaume DENGLOS, intitul\u00e9 :\u00a0<\/em><\/h5>\n<h2 style=\"text-align: center;\"><strong><em>\u201cLa maison du Maroc \u00e0 la Cit\u00e9 U &#8211; Lieu de m\u00e9moire des \u00e9tudiants marocains \u00e0 Paris<\/em><\/strong><strong><em>\u2033<\/em><\/strong><\/h2>\n<h4 class=\"entry-content\" style=\"text-align: center;\"><em>Jeudi 9 F\u00e9vrier 2023 \u00e0 16h00 au si\u00e8ge du CMHO<\/em><\/h4>\n<h5 class=\"entry-content\" style=\"text-align: center;\"><em>Avec la participation de :<\/em><\/h5>\n<h5 style=\"text-align: center;\"><em><strong>Monsieur Mostafa Bouaziz<\/strong>, Historien, Prof<span class=\"JsGRdQ\">esseur de l&rsquo;Enseignement Sup\u00e9rieur et <\/span><\/em><em><span class=\"JsGRdQ\">co-auteur de l&rsquo;ouvrage<\/span>.<\/em><\/h5>\n<h5 style=\"text-align: center;\"><em><strong>Monsieur Guillaume Denglos<\/strong>, Docteur en Histoire Contemporaine de l&rsquo;Universit\u00e9 Paris 1 Panth\u00e9on-Sorbonne et co-auteur de l&rsquo;ouvrage.<\/em><\/h5>\n<h5 style=\"text-align: center;\"><em><strong>Monsieur <span class=\"JsGRdQ\">Mohamed Mouaqit<\/span><\/strong>, Professeur de Sciences Politiques \u00e0 l&rsquo;Universit\u00e9 Hassan II de Casablanca.<\/em><\/h5>\n<h5 style=\"text-align: center;\"><em><strong>Monsieur <span class=\"JsGRdQ\">Mohamed Fouad Ouadghiri<\/span><\/strong>, \u00c9conomiste\u00a0, Soci\u00e9t\u00e9 Civile.<\/em><\/h5>\n<h5 style=\"text-align: center;\"><em>\u00a0et de<strong> Monsieur Sami Lakmahri, <\/strong>Journaliste au magazine Zamane.<\/em><\/h5>\n<div style=\"text-align: center;\">\n<h5><em>Nous vous remercions pour votre pr\u00e9sence \u00e0 ladite conf\u00e9rence et pour votre participation au d\u00e9bat qui a suivi.<\/em><\/h5>\n<p>&nbsp;<\/p>\n<\/div>\n<h5 style=\"text-align: center;\"><em><span class=\"fontstyle0\">Avec nos meilleures salutations.<\/span><\/em><\/h5>\n<p>[\/vc_column_text][\/vc_column_inner][\/vc_row_inner][\/vc_tta_section][vc_tta_section title=\u00a0\u00bbParticipants\u00a0\u00bb tab_id=\u00a0\u00bb1669296316996-d107aec4-5d02&Prime;][vc_row_inner][vc_column_inner width=\u00a0\u00bb1\/2&Prime;][vc_column_text]<a href=\"http:\/\/mohamedhassanouazzani.org\/wp-content\/uploads\/2023\/01\/1779339889.jpg\"><img loading=\"lazy\" class=\"wp-image-10588 aligncenter\" src=\"http:\/\/mohamedhassanouazzani.org\/wp-content\/uploads\/2023\/01\/1779339889.jpg\" alt=\"\" width=\"352\" height=\"240\" srcset=\"https:\/\/mohamedhassanouazzani.org\/wp-content\/uploads\/2023\/01\/1779339889.jpg 600w, https:\/\/mohamedhassanouazzani.org\/wp-content\/uploads\/2023\/01\/1779339889-300x204.jpg 300w\" sizes=\"(max-width: 352px) 100vw, 352px\" \/><\/a><\/p>\n<h3 style=\"text-align: center;\">Guillaume Denglos<\/h3>\n<p>Charg\u00e9 d\u2019\u00e9tudes \u00e0 l\u2019Institut des hautes \u00e9tudes de d\u00e9fense nationale (IHEDN)<br \/>\nSecr\u00e9taire g\u00e9n\u00e9ral de la SFHOM<\/p>\n<div class=\"texte surlignable\">\n<p>Guillaume Denglos est docteur en histoire contemporaine de l\u2019universit\u00e9 Paris 1 Panth\u00e9on-Sorbonne et charg\u00e9 d\u2019\u00e9tudes \u00e0 l\u2019Institut des hautes \u00e9tudes de d\u00e9fense nationale (IHEDN).<\/p>\n<p>Ses travaux portent principalement sur l\u2019histoire du Maghreb contemporain et du concept de d\u00e9fense nationale au XXe si\u00e8cle.<\/p>\n<p>Il est l\u2019auteur de deux ouvrages sur l\u2019Afrique du Nord coloniale\u00a0:\u00a0<i>Une publication franco-marocaine engag\u00e9e\u00a0: la revue Maghreb (1932-1936)<\/i>, Paris, L\u2019Harmattan, 2015\u00a0;\u00a0<i>Juin. Le mar\u00e9chal africain<\/i>, Paris, Belin, 2018.<\/p>\n<\/div>\n<p>[\/vc_column_text][vc_column_text]<a href=\"http:\/\/mohamedhassanouazzani.org\/wp-content\/uploads\/2022\/09\/PHOTO-2022-09-19-18-11-38.jpg\"><img loading=\"lazy\" class=\"wp-image-9960 aligncenter\" src=\"http:\/\/mohamedhassanouazzani.org\/wp-content\/uploads\/2022\/09\/PHOTO-2022-09-19-18-11-38.jpg\" alt=\"\" width=\"223\" height=\"298\" srcset=\"https:\/\/mohamedhassanouazzani.org\/wp-content\/uploads\/2022\/09\/PHOTO-2022-09-19-18-11-38.jpg 780w, https:\/\/mohamedhassanouazzani.org\/wp-content\/uploads\/2022\/09\/PHOTO-2022-09-19-18-11-38-225x300.jpg 225w, https:\/\/mohamedhassanouazzani.org\/wp-content\/uploads\/2022\/09\/PHOTO-2022-09-19-18-11-38-768x1024.jpg 768w, https:\/\/mohamedhassanouazzani.org\/wp-content\/uploads\/2022\/09\/PHOTO-2022-09-19-18-11-38-600x800.jpg 600w\" sizes=\"(max-width: 223px) 100vw, 223px\" \/><\/a><\/p>\n<div class=\"wpb_text_column wpb_content_element \">\n<div class=\"wpb_wrapper\">\n<h3 style=\"text-align: center;\">Mostafa Bouaziz<\/h3>\n<article class=\"post post-large post-8043 type-post status-publish format-standard has-post-thumbnail hentry category-conferences\">\n<div class=\"post-content\">\n<div class=\"entry-content\">\n<div class=\"vc_row wpb_row vc_row-fluid\">\n<div class=\"vc_column_container vc_col-sm-12\">\n<div class=\"wpb_wrapper\">\n<div class=\"vc_tta-container\" data-vc-action=\"collapse\">\n<div class=\"vc_general vc_tta vc_tta-tabs vc_tta-color-grey vc_tta-style-classic vc_tta-shape-rounded vc_tta-spacing-1 vc_tta-tabs-position-top vc_tta-controls-align-left\">\n<div class=\"vc_tta-panels-container\">\n<div class=\"vc_tta-panels\">\n<div id=\"1451151562251-1ce0c959-e22f\" class=\"vc_tta-panel vc_active\" data-vc-content=\".vc_tta-panel-body\">\n<div class=\"vc_tta-panel-body\">\n<div class=\"wpb_text_column wpb_content_element \">\n<div class=\"wpb_wrapper\" style=\"text-align: left;\">Historien, titulaire d\u2019un Doctorat d\u2019Etat \u00e0 l\u2019Universit\u00e9 Paris I Panth\u00e9on \u2013Sorbonne et d\u2019un dipl\u00f4me de l\u2019Ecole des Hautes Etudes en Sciences Sociales (EHESS) de Paris. Il est actuellement Professeur de l\u2019Enseignement Sup\u00e9rieur \u00e0 l\u2019universit\u00e9 Hassan II de Casablanca. Il est \u00e9galement Conseiller scientifique de la revue Zamane et membre fondateur de l\u2019Association Marocaine de la recherche historique.<\/div>\n<\/div>\n<\/div>\n<\/div>\n<\/div>\n<\/div>\n<div><\/div>\n<div class=\"vc_tta-panels-container\">\n<div class=\"vc_tta-panels\">\n<div id=\"1451151562251-1ce0c959-e22f\" class=\"vc_tta-panel vc_active\" data-vc-content=\".vc_tta-panel-body\">\n<div class=\"vc_tta-panel-body\">\n<div class=\"wpb_text_column wpb_content_element \">\n<div class=\"wpb_wrapper\" style=\"text-align: left;\"><strong>Mostafa Bouaziz<\/strong> a contribu\u00e9 \u00e0 la r\u00e9daction de plusieurs articles dans la presse marocaine et est aussi l\u2019auteur de plusieurs livres et ouvrages dont : Aux origines de la Koutla d\u00e9mocratique (\u00e9ditions de la Facult\u00e9 des lettres A\u00efn Chock, 1997).<\/div>\n<\/div>\n<\/div>\n<\/div>\n<div id=\"1562596166336-a6741e89-0b72\" class=\"vc_tta-panel\" style=\"text-align: left;\" data-vc-content=\".vc_tta-panel-body\"><\/div>\n<div id=\"1562666286408-c8bc1328-2ee9\" class=\"vc_tta-panel\" style=\"text-align: left;\" data-vc-content=\".vc_tta-panel-body\"><\/div>\n<div id=\"1563276796336-e5b1145a-13d8\" class=\"vc_tta-panel\" style=\"text-align: left;\" data-vc-content=\".vc_tta-panel-body\"><\/div>\n<\/div>\n<\/div>\n<\/div>\n<\/div>\n<\/div>\n<\/div>\n<\/div>\n<div class=\"at-below-post addthis_tool\" style=\"text-align: left;\" data-url=\"http:\/\/mohamedhassanouazzani.org\/les-transformations-geopolitiques-dans-la-region-du-maghreb-et-leurs-implications-pour-lunite-et-lavenir-des-pays-de-la-region\/\"><\/div>\n<\/div>\n<\/div>\n<div class=\"post-gap\" style=\"text-align: left;\"><\/div>\n<div class=\"post-gap\" style=\"text-align: right;\"><\/div>\n<\/article>\n<\/div>\n<\/div>\n<div class=\"wpb_text_column wpb_content_element \">\n<div class=\"wpb_wrapper\" style=\"text-align: right;\"><\/div>\n<\/div>\n<p>[\/vc_column_text][\/vc_column_inner][vc_column_inner width=\u00a0\u00bb1\/2&Prime;][vc_column_text]<\/p>\n<p style=\"text-align: center;\"><a href=\"http:\/\/mohamedhassanouazzani.org\/wp-content\/uploads\/2023\/01\/4A67584B-3CD4-43A0-9DB0-AE31C6C9F1D0.jpeg\"><img loading=\"lazy\" class=\"alignnone wp-image-10590 \" src=\"http:\/\/mohamedhassanouazzani.org\/wp-content\/uploads\/2023\/01\/4A67584B-3CD4-43A0-9DB0-AE31C6C9F1D0.jpeg\" alt=\"\" width=\"237\" height=\"316\" srcset=\"https:\/\/mohamedhassanouazzani.org\/wp-content\/uploads\/2023\/01\/4A67584B-3CD4-43A0-9DB0-AE31C6C9F1D0.jpeg 960w, https:\/\/mohamedhassanouazzani.org\/wp-content\/uploads\/2023\/01\/4A67584B-3CD4-43A0-9DB0-AE31C6C9F1D0-225x300.jpeg 225w, https:\/\/mohamedhassanouazzani.org\/wp-content\/uploads\/2023\/01\/4A67584B-3CD4-43A0-9DB0-AE31C6C9F1D0-768x1024.jpeg 768w, https:\/\/mohamedhassanouazzani.org\/wp-content\/uploads\/2023\/01\/4A67584B-3CD4-43A0-9DB0-AE31C6C9F1D0-600x800.jpeg 600w\" sizes=\"(max-width: 237px) 100vw, 237px\" \/><\/a><\/p>\n<h3 style=\"text-align: center;\">Mohamed Fouad Ouadghiri<\/h3>\n<p style=\"text-align: center;\">\u00c9conomiste &#8211; Soci\u00e9t\u00e9 Civile<\/p>\n<p>[\/vc_column_text][vc_column_text]<a href=\"http:\/\/mohamedhassanouazzani.org\/wp-content\/uploads\/2022\/09\/28-272x300.jpg\"><img loading=\"lazy\" class=\"wp-image-9962 aligncenter\" src=\"http:\/\/mohamedhassanouazzani.org\/wp-content\/uploads\/2022\/09\/28-272x300.jpg\" alt=\"\" width=\"222\" height=\"245\" \/><\/a><\/p>\n<div class=\"wpb_text_column wpb_content_element \">\n<div class=\"wpb_wrapper\">\n<h3 style=\"text-align: center;\">Mohamed Mouaqit<\/h3>\n<article class=\"post post-large post-8043 type-post status-publish format-standard has-post-thumbnail hentry category-conferences\">\n<div class=\"post-content\">\n<div class=\"entry-content\">\n<div class=\"vc_row wpb_row vc_row-fluid\">\n<div class=\"vc_column_container vc_col-sm-12\">\n<div class=\"wpb_wrapper\">\n<div class=\"vc_tta-container\" data-vc-action=\"collapse\">\n<div class=\"vc_general vc_tta vc_tta-tabs vc_tta-color-grey vc_tta-style-classic vc_tta-shape-rounded vc_tta-spacing-1 vc_tta-tabs-position-top vc_tta-controls-align-left\">\n<div class=\"vc_tta-panels-container\">\n<div class=\"vc_tta-panels\">\n<div id=\"1451151562251-1ce0c959-e22f\" class=\"vc_tta-panel vc_active\" data-vc-content=\".vc_tta-panel-body\">\n<div class=\"vc_tta-panel-body\">\n<div class=\"wpb_text_column wpb_content_element \">\n<div class=\"wpb_wrapper\" style=\"text-align: left;\">\n<p><em><strong>Mohamed Mouaqit<\/strong><\/em> est\u00a0 docteur d\u2019Etat en Sciences Politiques de l\u2019Universit\u00e9 Paris II. France. Il est actuellement professeur\u00a0 de sciences politiques \u00e0 la Facult\u00e9 des sciences juridiques, \u00e9conomiques et sociales. Universit\u00e9 Hassan II A\u00efn Chok de Casablanca&#8230;<a href=\"http:\/\/mohamedhassanouazzani.org\/?s=Mouaquit\">Lire la suite.<\/a><\/p>\n<p><strong>\u00a0 \u00a0 \u00a0 \u00a0 \u00a0 \u00a0<\/strong><\/p>\n<\/div>\n<\/div>\n<\/div>\n<\/div>\n<\/div>\n<\/div>\n<\/div>\n<\/div>\n<\/div>\n<\/div>\n<\/div>\n<\/div>\n<\/div>\n<div class=\"post-gap\" style=\"text-align: right;\"><\/div>\n<\/article>\n<\/div>\n<\/div>\n<p>[\/vc_column_text][vc_column_text]<a href=\"http:\/\/mohamedhassanouazzani.org\/wp-content\/uploads\/2023\/01\/unnamed.jpg\"><img loading=\"lazy\" class=\"wp-image-10602 aligncenter\" src=\"http:\/\/mohamedhassanouazzani.org\/wp-content\/uploads\/2023\/01\/unnamed.jpg\" alt=\"\" width=\"225\" height=\"225\" srcset=\"https:\/\/mohamedhassanouazzani.org\/wp-content\/uploads\/2023\/01\/unnamed.jpg 1181w, https:\/\/mohamedhassanouazzani.org\/wp-content\/uploads\/2023\/01\/unnamed-150x150.jpg 150w, https:\/\/mohamedhassanouazzani.org\/wp-content\/uploads\/2023\/01\/unnamed-300x300.jpg 300w, https:\/\/mohamedhassanouazzani.org\/wp-content\/uploads\/2023\/01\/unnamed-768x768.jpg 768w, https:\/\/mohamedhassanouazzani.org\/wp-content\/uploads\/2023\/01\/unnamed-1024x1024.jpg 1024w, https:\/\/mohamedhassanouazzani.org\/wp-content\/uploads\/2023\/01\/unnamed-600x600.jpg 600w, https:\/\/mohamedhassanouazzani.org\/wp-content\/uploads\/2023\/01\/unnamed-560x560.jpg 560w, https:\/\/mohamedhassanouazzani.org\/wp-content\/uploads\/2023\/01\/unnamed-367x367.jpg 367w, https:\/\/mohamedhassanouazzani.org\/wp-content\/uploads\/2023\/01\/unnamed-450x450.jpg 450w, https:\/\/mohamedhassanouazzani.org\/wp-content\/uploads\/2023\/01\/unnamed-85x85.jpg 85w, https:\/\/mohamedhassanouazzani.org\/wp-content\/uploads\/2023\/01\/unnamed-50x50.jpg 50w\" sizes=\"(max-width: 225px) 100vw, 225px\" \/><\/a><\/p>\n<div class=\"wpb_text_column wpb_content_element \">\n<div class=\"wpb_wrapper\">\n<h3 style=\"text-align: center;\">Sami Lakmahri<\/h3>\n<article class=\"post post-large post-8043 type-post status-publish format-standard has-post-thumbnail hentry category-conferences\">\n<div class=\"post-content\">\n<div class=\"entry-content\">\n<div class=\"vc_row wpb_row vc_row-fluid\">\n<div class=\"vc_column_container vc_col-sm-12\">\n<div class=\"wpb_wrapper\">\n<div class=\"vc_tta-container\" data-vc-action=\"collapse\">\n<div class=\"vc_general vc_tta vc_tta-tabs vc_tta-color-grey vc_tta-style-classic vc_tta-shape-rounded vc_tta-spacing-1 vc_tta-tabs-position-top vc_tta-controls-align-left\">\n<div class=\"vc_tta-panels-container\">\n<div class=\"vc_tta-panels\">\n<div id=\"1451151562251-1ce0c959-e22f\" class=\"vc_tta-panel vc_active\" data-vc-content=\".vc_tta-panel-body\">\n<div class=\"vc_tta-panel-body\">\n<div class=\"wpb_text_column wpb_content_element \">\n<div class=\"wpb_wrapper\" style=\"text-align: left;\">\n<p>Journaliste au magazine Zamane<\/p>\n<\/div>\n<\/div>\n<\/div>\n<\/div>\n<\/div>\n<\/div>\n<\/div>\n<\/div>\n<\/div>\n<\/div>\n<\/div>\n<\/div>\n<\/div>\n<div class=\"post-gap\" style=\"text-align: right;\"><\/div>\n<\/article>\n<\/div>\n<\/div>\n<p>[\/vc_column_text][\/vc_column_inner][\/vc_row_inner][\/vc_tta_section][vc_tta_section title=\u00a0\u00bbR\u00e9sum\u00e9 \u00a0\u00bb tab_id=\u00a0\u00bb1675178234750-c4e0cdfc-2806&Prime;][vc_column_text]<\/p>\n<h2 class=\"f-productSection__title\" style=\"text-align: center;\">La maison du Maroc \u00e0 la Cit\u00e9 U &#8211; Lieu de m\u00e9moire des \u00e9tudiants marocains \u00e0 Paris<\/h2>\n<p>&nbsp;<\/p>\n<div class=\"f-productSection__content js-Expander expander expander--hasIcon collapsed\">\n<div class=\"expander__content\" data-automation-id=\"\" aria-expanded=\"true\">\n<div class=\"f-productDesc__raw\">\n<p>Construite par Albert Laprade, puis r\u00e9nov\u00e9e \u00e0 l\u2019initiative du roi Hassan II en 1982, la maison du Maroc \u00e0 la Cit\u00e9 internationale universitaire de Paris rappelle \u00e0 la fois le riche pass\u00e9 et la modernit\u00e9 de l\u2019architecture marocaine, o\u00f9 se m\u00ealent un patio andalou, une entr\u00e9e monumentale ainsi qu\u2019un salon d\u00e9cor\u00e9 de zelliges. Elle abrite en moyenne, depuis 1953, plus de deux cents \u00e9tudiants, marocains et \u00e9trangers, qui y effectuent leur cursus universitaire.<br \/>\nHaut lieu turbulent du Maghreb dans la capitale fran\u00e7aise, elle a vu passer entre ses murs des g\u00e9n\u00e9rations de r\u00e9sidents tour \u00e0 tour nationalistes, marxistes, panarabistes, progressistes, islamistes et technocrates, soit une grande partie des \u00e9lites qui ont fait le Maroc de la deuxi\u00e8me moiti\u00e9 du XXe et du d\u00e9but du XXIe si\u00e8cle. Fond\u00e9e en 1949 par le g\u00e9n\u00e9ral Alphonse Juin et ouverte en octobre 1953, peu apr\u00e8s l\u2019exil du sultan Sidi Mohamed Ben Youssef, la maison du Maroc a connu, entre autres, une longue phase de quasi-autogestion entre 1968 et 1970, plusieurs gr\u00e8ves de la faim, des squats, des r\u00e9novations architecturales\u2026<br \/>\nCette histoire et la m\u00e9moire qui en d\u00e9coule sont largement m\u00e9connues. Fond\u00e9 sur la m\u00e9thodologie des lieux de m\u00e9moire, ainsi que sur des archives in\u00e9dites et une quarantaine de t\u00e9moignages oraux, un pan entier de l\u2019histoire sociale et politique du Maroc, du protectorat \u00e0 nos jours, est ainsi reconstitu\u00e9. Du parcours de jeunes \u00e9tudiants \u00e0 la \u201cgrande histoire\u201d des relations franco-marocaines, ce pavillon a \u00e9t\u00e9 une \u00e9cole du militantisme et de la culture pr\u00e9figurant les mutations profondes de la soci\u00e9t\u00e9 marocaine. C\u2019est cette \u201cfabrique des intelligentsias\u201d bouillonnante de vie et d\u2019utopie que ce livre se propose de d\u00e9crypter.<\/p>\n<\/div>\n<\/div>\n<\/div>\n<p>[\/vc_column_text][\/vc_tta_section][vc_tta_section title=\u00a0\u00bbPhotos\u00a0\u00bb tab_id=\u00a0\u00bb1676388738783-87d66959-5011&Prime;][vc_gallery type=\u00a0\u00bbimage_grid\u00a0\u00bb images=\u00a0\u00bb10618,10621,10622,10624,10626,10627,10628,10630,10632,10636,10638,10639,10641,10642,10643,10646,10647,10649,10650,10651,10652,10654,10655,10657&Prime; img_size=\u00a0\u00bbmedium\u00a0\u00bb][\/vc_tta_section][vc_tta_section title=\u00a0\u00bbVid\u00e9os\u00a0\u00bb tab_id=\u00a0\u00bb1677066731190-db5f9a45-3850&Prime;][vc_video link=\u00a0\u00bbhttps:\/\/www.youtube.com\/watch?v=k_NN19KECXE&amp;list=PLeDxtaExstGd20Or4XgPJqd59Iufixvlu&amp;index=1&Prime;][vc_video link=\u00a0\u00bbhttps:\/\/www.youtube.com\/watch?v=uDRrhvmOXEo&amp;list=PLeDxtaExstGd20Or4XgPJqd59Iufixvlu&amp;index=2&Prime;][vc_video link=\u00a0\u00bbhttps:\/\/www.youtube.com\/watch?v=iY6X7TVqAWA&amp;list=PLeDxtaExstGd20Or4XgPJqd59Iufixvlu&amp;index=3&Prime;][vc_video link=\u00a0\u00bbhttps:\/\/www.youtube.com\/watch?v=DAt1nlSOtUk&amp;list=PLeDxtaExstGd20Or4XgPJqd59Iufixvlu&amp;index=4&Prime;][vc_video link=\u00a0\u00bbhttps:\/\/www.youtube.com\/watch?v=n-ncHpqm9bo&amp;list=PLeDxtaExstGd20Or4XgPJqd59Iufixvlu&amp;index=5&Prime;][vc_video link=\u00a0\u00bbhttps:\/\/www.youtube.com\/watch?v=P8WeqCgIeXs&amp;list=PLeDxtaExstGd20Or4XgPJqd59Iufixvlu&amp;index=6&Prime;][\/vc_tta_section][\/vc_tta_tabs][\/vc_column][\/vc_row]<\/p>\n<\/div>","protected":false},"excerpt":{"rendered":"<p>[vc_row][vc_column][vc_tta_tabs][vc_tta_section title=\u00a0\u00bbPr\u00e9sentation\u00a0\u00bb tab_id=\u00a0\u00bb1459958412083-252f22b3-80ae\u00a0\u00bb][vc_row_inner][vc_column_inner width=\u00a0\u00bb1\/2&Prime;][vc_column_text][\/vc_column_text][vc_empty_space][\/vc_column_inner][vc_column_inner width=\u00a0\u00bb1\/2&Prime;][vc_column_text] Mesdames, Messieurs Dans le cadre de ses activit\u00e9s scientifiques et culturelles au titre de l&rsquo;ann\u00e9e 2023, le Centre Mohamed Hassan Ouazzani pour la D\u00e9mocratie et le D\u00e9veloppement Humain\u00a0 a organis\u00e9 un d\u00e9bat autour du livre de Professeur Mostafa BOUAZIZ et de Monsieur Guillaume DENGLOS, intitul\u00e9 :\u00a0 \u201cLa maison du Maroc [&hellip;]<\/p>\n","protected":false},"author":1,"featured_media":10604,"comment_status":"open","ping_status":"open","sticky":false,"template":"","format":"standard","meta":[],"categories":[1,61],"tags":[],"_links":{"self":[{"href":"https:\/\/mohamedhassanouazzani.org\/index.php?rest_route=\/wp\/v2\/posts\/10585"}],"collection":[{"href":"https:\/\/mohamedhassanouazzani.org\/index.php?rest_route=\/wp\/v2\/posts"}],"about":[{"href":"https:\/\/mohamedhassanouazzani.org\/index.php?rest_route=\/wp\/v2\/types\/post"}],"author":[{"embeddable":true,"href":"https:\/\/mohamedhassanouazzani.org\/index.php?rest_route=\/wp\/v2\/users\/1"}],"replies":[{"embeddable":true,"href":"https:\/\/mohamedhassanouazzani.org\/index.php?rest_route=%2Fwp%2Fv2%2Fcomments&post=10585"}],"version-history":[{"count":17,"href":"https:\/\/mohamedhassanouazzani.org\/index.php?rest_route=\/wp\/v2\/posts\/10585\/revisions"}],"predecessor-version":[{"id":10684,"href":"https:\/\/mohamedhassanouazzani.org\/index.php?rest_route=\/wp\/v2\/posts\/10585\/revisions\/10684"}],"wp:featuredmedia":[{"embeddable":true,"href":"https:\/\/mohamedhassanouazzani.org\/index.php?rest_route=\/wp\/v2\/media\/10604"}],"wp:attachment":[{"href":"https:\/\/mohamedhassanouazzani.org\/index.php?rest_route=%2Fwp%2Fv2%2Fmedia&parent=10585"}],"wp:term":[{"taxonomy":"category","embeddable":true,"href":"https:\/\/mohamedhassanouazzani.org\/index.php?rest_route=%2Fwp%2Fv2%2Fcategories&post=10585"},{"taxonomy":"post_tag","embeddable":true,"href":"https:\/\/mohamedhassanouazzani.org\/index.php?rest_route=%2Fwp%2Fv2%2Ftags&post=10585"}],"curies":[{"name":"wp","href":"https:\/\/api.w.org\/{rel}","templated":true}]}}